{"id":207511,"date":"2025-12-30T06:58:05","date_gmt":"2025-12-30T06:58:05","guid":{"rendered":"https:\/\/www.europesays.com\/pt\/207511\/"},"modified":"2025-12-30T06:58:05","modified_gmt":"2025-12-30T06:58:05","slug":"george-e-amal-clooney-tornam-se-cidadaos-franceses-para-proteger-a-familia","status":"publish","type":"post","link":"https:\/\/www.europesays.com\/pt\/207511\/","title":{"rendered":"George e Amal Clooney tornam-se cidad\u00e3os franceses para proteger a fam\u00edlia"},"content":{"rendered":"<p data-remotead-prev-elm=\"true\" data-remotead-elm-id=\"inread\">George Clooney e a mulher, Amal Clooney, passaram a ter cidadania francesa, juntamente com os dois filhos g\u00e9meos de oito anos, Ella e Alexander, segundo um decreto publicado no di\u00e1rio oficial do Governo de Fran\u00e7a.<\/p>\n<p>A decis\u00e3o formaliza uma inten\u00e7\u00e3o que o ator j\u00e1 tinha tornado p\u00fablica no in\u00edcio de dezembro, quando elogiou as regras francesas que limitam a atua\u00e7\u00e3o dos paparazzi, sobretudo em rela\u00e7\u00e3o a crian\u00e7as.<\/p>\n<p>Em declara\u00e7\u00f5es \u00e0 r\u00e1dio RTL, Clooney explicou que a prote\u00e7\u00e3o da vida privada da fam\u00edlia pesou de forma determinante. &#8220;Aqui, n\u00e3o tiram fotografias \u00e0s crian\u00e7as. N\u00e3o h\u00e1 paparazzi escondidos \u00e0 porta das escolas. Isso \u00e9 o mais importante para n\u00f3s&#8221;, afirmou o ator, em ingl\u00eas. Na mesma entrevista, elogiou a cultura e a l\u00edngua francesas, reconhecendo, com humor, que ainda n\u00e3o as domina apesar de mais de um ano de aulas.<\/p>\n<p data-remotead-prev-elm=\"true\" data-remotead-elm-id=\"centro1\">A liga\u00e7\u00e3o de George Clooney \u00e0 Europa \u00e9 antiga e antecede o casamento, em 2014, com Amal Clooney, advogada brit\u00e2nica-libanesa especializada em direitos humanos e fluente em franc\u00eas. O agora cidad\u00e3o norte-americano e franc\u00eas \u00e9 propriet\u00e1rio de uma casa na regi\u00e3o italiana do Lago Como desde 2002 e o casal adquiriu tamb\u00e9m uma mans\u00e3o hist\u00f3rica em Inglaterra.<\/p>\n<p>Em Fran\u00e7a, s\u00e3o donos do Domaine du Canadel, uma antiga propriedade vin\u00edcola situada perto da localidade de Brignoles, no sul do pa\u00eds, comprada em 2021. Apesar de manterem um apartamento em Nova Iorque e uma propriedade no Kentucky, EUA, venderam, ao longo da \u00faltima d\u00e9cada, casas em Los Angeles e tamb\u00e9m no M\u00e9xico.<\/p>\n<p>Numa entrevista recente, Clooney sublinhou que, apesar das viagens frequentes, \u00e9 em Fran\u00e7a que a fam\u00edlia se sente mais feliz. &#8220;\u00c9 aqui que estamos melhor&#8221;, disse \u00e0 RTL.<\/p>\n<p data-remotead-prev-elm=\"true\" data-remotead-elm-id=\"centro2\">Para al\u00e9m de ator, o artista tem uma carreira consolidada como realizador e produtor. Venceu dois \u00d3scares, um de melhor ator secund\u00e1rio por &#8220;Syriana&#8221;, em 2006, e outro como produtor de &#8220;Argo&#8221;, em 2012.<\/p>\n<p>O casal n\u00e3o \u00e9 o \u00fanico ligado a Hollywood a demonstrar interesse na nacionalidade francesa. O realizador norte-americano Jim Jarmusch revelou \u00e0 r\u00e1dio France Inter que tamb\u00e9m pretende candidatar-se \u00e0 cidadania. &#8220;Gostaria de ter um lugar que me permita escapar aos Estados Unidos&#8221;, afirmou, acrescentando que a cultura francesa \u00e9 uma das principais motiva\u00e7\u00f5es.<\/p>\n","protected":false},"excerpt":{"rendered":"George Clooney e a mulher, Amal Clooney, passaram a ter cidadania francesa, juntamente com os dois filhos g\u00e9meos&hellip;\n","protected":false},"author":2,"featured_media":207512,"comment_status":"","ping_status":"","sticky":false,"template":"","format":"standard","meta":{"footnotes":""},"categories":[145],"tags":[23372,211,210,1561,114,115,208,14555,40853,32,552,33],"class_list":{"0":"post-207511","1":"post","2":"type-post","3":"status-publish","4":"format-standard","5":"has-post-thumbnail","7":"category-celebridades","8":"tag-amal-clooney","9":"tag-celebridades","10":"tag-celebrities","11":"tag-cidadania","12":"tag-entertainment","13":"tag-entretenimento","14":"tag-franca","15":"tag-george-clooney","16":"tag-paparazzi","17":"tag-portugal","18":"tag-privacidade","19":"tag-pt"},"share_on_mastodon":{"url":"https:\/\/pubeurope.com\/@pt\/115807223945593955","error":""},"_links":{"self":[{"href":"https:\/\/www.europesays.com\/pt\/wp-json\/wp\/v2\/posts\/207511","targetHints":{"allow":["GET"]}}],"collection":[{"href":"https:\/\/www.europesays.com\/pt\/wp-json\/wp\/v2\/posts"}],"about":[{"href":"https:\/\/www.europesays.com\/pt\/wp-json\/wp\/v2\/types\/post"}],"author":[{"embeddable":true,"href":"https:\/\/www.europesays.com\/pt\/wp-json\/wp\/v2\/users\/2"}],"replies":[{"embeddable":true,"href":"https:\/\/www.europesays.com\/pt\/wp-json\/wp\/v2\/comments?post=207511"}],"version-history":[{"count":0,"href":"https:\/\/www.europesays.com\/pt\/wp-json\/wp\/v2\/posts\/207511\/revisions"}],"wp:featuredmedia":[{"embeddable":true,"href":"https:\/\/www.europesays.com\/pt\/wp-json\/wp\/v2\/media\/207512"}],"wp:attachment":[{"href":"https:\/\/www.europesays.com\/pt\/wp-json\/wp\/v2\/media?parent=207511"}],"wp:term":[{"taxonomy":"category","embeddable":true,"href":"https:\/\/www.europesays.com\/pt\/wp-json\/wp\/v2\/categories?post=207511"},{"taxonomy":"post_tag","embeddable":true,"href":"https:\/\/www.europesays.com\/pt\/wp-json\/wp\/v2\/tags?post=207511"}],"curies":[{"name":"wp","href":"https:\/\/api.w.org\/{rel}","templated":true}]}}