{"id":207519,"date":"2025-12-30T07:25:18","date_gmt":"2025-12-30T07:25:18","guid":{"rendered":"https:\/\/www.europesays.com\/pt\/207519\/"},"modified":"2025-12-30T07:25:18","modified_gmt":"2025-12-30T07:25:18","slug":"marques-mendes-diz-que-ha-um-candidato-que-se-especializou-em-dizer-mal","status":"publish","type":"post","link":"https:\/\/www.europesays.com\/pt\/207519\/","title":{"rendered":"Marques Mendes diz que h\u00e1 um candidato que se especializou em &#8220;dizer mal&#8221;"},"content":{"rendered":"<p data-remotead-prev-elm=\"true\" data-remotead-elm-id=\"inread\">&#8220;H\u00e1 um candidato que se especializou em dizer mal de mim. Tem de dizer mal de mim e da minha candidatura todos os dias. Todos os dias s\u00e3o ataques pessoais. Todos os dias s\u00e3o insinua\u00e7\u00f5es. Sempre sem provas. Todos os dias est\u00e1 obcecado pela minha candidatura&#8221;, afirmou Marques Mendes durante um almo\u00e7o com apoiantes no Fund\u00e3o, no distrito de Castelo Branco.<\/p>\n<p>Sem nomear Henrique Gouveia e Melo, que hoje voltou a referir-se a Marques Mendes, para criticar a sua participa\u00e7\u00e3o no Conselho de Estado, o candidato apoiado pelo PSD e o CDS-PP disse que o objetivo desses ataques \u00e9 tentar desanim\u00e1-lo e condicion\u00e1-lo.<\/p>\n<p>&#8220;Mas se pensam que me condicionam, est\u00e3o enganados. Se pensam que me desanimam, tirem o cavalinho da chuva. Eu estou aqui para fazer uma campanha sem responder a provoca\u00e7\u00f5es populistas, a falar do pa\u00eds, dos problemas dos portugueses e a apresentar medidas e propostas positivas para o nosso futuro&#8221;, afirmou. Em contraponto a &#8220;alguns, que querem casos e casinhos, eu quero falar de causas. De causas para o pa\u00eds&#8221;, sublinhou.<\/p>\n<p data-remotead-prev-elm=\"true\" data-remotead-elm-id=\"centro1\">Marques Mendes defendeu que &#8220;\u00e9 normal, \u00e9 natural e \u00e9 desej\u00e1vel que neste arranque de campanha se fale ao pa\u00eds e se fale do pa\u00eds&#8221;, dizendo ser essa a sua postura.<\/p>\n<p>O candidato tamb\u00e9m visitou duas Institui\u00e7\u00f5es Particulares de Solidariedade Social, a Mutualista na Covilh\u00e3 e a Santa Casa da Miseric\u00f3rdia no Fund\u00e3o, terminando o p\u00e9riplo no Mercadinho de Natal em Castelo Branco. Na Beira Baixa voltou a sublinhar que uma das suas causas e que ser\u00e1 uma prioridade da sua presid\u00eancia, se for eleito, \u00e9 o interior, que, reitera, ser\u00e1 o tema central da sua primeira presid\u00eancia aberta, em Tr\u00e1s-os-Montes e Beiras, com foco na educa\u00e7\u00e3o e no emprego.<\/p>\n<p>Conselho de Estado s\u00e3o &#8220;tr\u00eas horas a menos&#8221; na campanha<\/p>\n<p>Marques Mendes desvalorizou o que considera ser um &#8220;pol\u00e9mica sem sentido&#8221; em torno da sua participa\u00e7\u00e3o no Conselho de Estado, afirmando que s\u00e3o apenas &#8220;tr\u00eas horas a menos na campanha&#8221;.<\/p>\n<p data-remotead-prev-elm=\"true\" data-remotead-elm-id=\"centro2\">&#8220;Participar na reuni\u00e3o do Conselho de Estado significa apenas tr\u00eas horas a menos na campanha. N\u00e3o tenho problema nenhum com isso&#8221;, afirmou Marques Mendes sobre a reuni\u00e3o convocada para dia 9 de janeiro, dez dias antes das elei\u00e7\u00f5es presidenciais, e onde participa como conselheiro de Estado, assim como o candidato e l\u00edder do Chega, Andr\u00e9 Ventura.<\/p>\n<p>Para Marques Mendes, o presidente da Rep\u00fablica marcou um Conselho de Estado &#8220;porque as coisas est\u00e3o a acelerar e tem, por isso, raz\u00e3o de ser, porque esta reuni\u00e3o pode ser importante perante as decis\u00f5es que se est\u00e3o a tomar relativamente \u00e0 Ucr\u00e2nia&#8221;.<\/p>\n<p>O candidato considera assim que &#8220;\u00e9 uma pol\u00e9mica que n\u00e3o faz sentido&#8221;. &#8220;Eu vou ao Conselho de Estado. Quem se poderia eventualmente queixar desta decis\u00e3o sou eu e o Andr\u00e9 Ventura, porque somos os dois conselheiros. Mas ningu\u00e9m perde elei\u00e7\u00f5es por tr\u00eas horas de diferen\u00e7a&#8221;, sublinha.<\/p>\n<p data-remotead-prev-elm=\"true\" data-remotead-elm-id=\"centro3\">Andr\u00e9 Ventura apelou no s\u00e1bado ao presidente da Rep\u00fablica, Marcelo Rebelo de Sousa, que adie a reuni\u00e3o do Conselho de Estado para depois de uma eventual segunda volta das elei\u00e7\u00f5es presidenciais, que, a verificar-se se realiza no dia 8 de fevereiro.<\/p>\n<p>O candidato Henrique Gouveia e Melo declarou que ser-se membro do Conselho de Estado n\u00e3o \u00e9 compat\u00edvel com ser-se candidato presidencial, referindo-se apenas a Marques Mendes. &#8220;N\u00e3o s\u00f3 porque tem acesso a informa\u00e7\u00e3o privilegiada, como est\u00e1 numa fun\u00e7\u00e3o de Estado que n\u00e3o \u00e9 compat\u00edvel com o facto de ser candidato&#8221;, declarou. &#8220;Se fosse eu, tinha pedido ao senhor presidente da Rep\u00fablica para sair do Conselho de Estado logo que me tivesse candidatado. Isso n\u00e3o aconteceu, acho mal, \u00e9 a minha opini\u00e3o, mas \u00e9 o doutor Lu\u00eds Marques Mendes que vai ter de pensar se ser conselheiro de Estado e ser candidato em simult\u00e2neo \u00e9 uma coisa boa ou m\u00e1&#8221;, apontou.<\/p>\n<p>Na atual legislatura, a Assembleia da Rep\u00fablica, ao fim de mais de seis meses, ainda n\u00e3o elegeu os cinco membros que lhe compete indicar para o Conselho de Estado. Nos termos da Constitui\u00e7\u00e3o, os conselheiros eleitos pelo parlamento, em cada legislatura, mant\u00eam-se em fun\u00e7\u00f5es at\u00e9 \u00e0 posse dos que os substitu\u00edrem. Assim, continuam a representar o parlamento Carlos Moedas (PSD), Pedro Nuno Santos e Carlos C\u00e9sar (PS) e Andr\u00e9 Ventura &#8211; todos eleitos em 2024. Tamb\u00e9m fazia parte deste \u00f3rg\u00e3o o fundador do PSD e antigo primeiro-ministro, Francisco Pinto Balsem\u00e3o, que morreu em 21 de outubro.<\/p>\n<p data-remotead-prev-elm=\"true\" data-remotead-elm-id=\"centro4\">Entre os membros do Conselho de Estado nomeados por Marcelo Rebelo de Sousa, est\u00e1 Lu\u00eds Marques Mendes, a antiga ministra e atual vice-presidente do PSD Leonor Beleza, a escritora L\u00eddia Jorge, a maestrina Joana Carneiro e o antigo dirigente do CDS Ant\u00f3nio Lobo Xavier.<\/p>\n<p>S\u00e3o membros do Conselho de Estado, por iner\u00eancia, os titulares dos cargos de presidente da Assembleia da Rep\u00fablica, primeiro-ministro, presidente do Tribunal Constitucional, provedor de Justi\u00e7a, presidentes dos governos regionais e antigos presidentes da Rep\u00fablica.<\/p>\n","protected":false},"excerpt":{"rendered":"&#8220;H\u00e1 um candidato que se especializou em dizer mal de mim. Tem de dizer mal de mim e&hellip;\n","protected":false},"author":2,"featured_media":207520,"comment_status":"","ping_status":"","sticky":false,"template":"","format":"standard","meta":{"footnotes":""},"categories":[8],"tags":[27,28,15,16,14,25,26,17461,21,22,619,12,13,19,20,32,5215,23,24,33,17,18,29,30,31],"class_list":{"0":"post-207519","1":"post","2":"type-post","3":"status-publish","4":"format-standard","5":"has-post-thumbnail","7":"category-principais-noticias","8":"tag-breaking-news","9":"tag-breakingnews","10":"tag-featured-news","11":"tag-featurednews","12":"tag-headlines","13":"tag-latest-news","14":"tag-latestnews","15":"tag-luis-marques-mendes","16":"tag-main-news","17":"tag-mainnews","18":"tag-nacional","19":"tag-news","20":"tag-noticias","21":"tag-noticias-principais","22":"tag-noticiasprincipais","23":"tag-portugal","24":"tag-presidenciais","25":"tag-principais-noticias","26":"tag-principaisnoticias","27":"tag-pt","28":"tag-top-stories","29":"tag-topstories","30":"tag-ultimas","31":"tag-ultimas-noticias","32":"tag-ultimasnoticias"},"share_on_mastodon":{"url":"https:\/\/pubeurope.com\/@pt\/115807330344453745","error":""},"_links":{"self":[{"href":"https:\/\/www.europesays.com\/pt\/wp-json\/wp\/v2\/posts\/207519","targetHints":{"allow":["GET"]}}],"collection":[{"href":"https:\/\/www.europesays.com\/pt\/wp-json\/wp\/v2\/posts"}],"about":[{"href":"https:\/\/www.europesays.com\/pt\/wp-json\/wp\/v2\/types\/post"}],"author":[{"embeddable":true,"href":"https:\/\/www.europesays.com\/pt\/wp-json\/wp\/v2\/users\/2"}],"replies":[{"embeddable":true,"href":"https:\/\/www.europesays.com\/pt\/wp-json\/wp\/v2\/comments?post=207519"}],"version-history":[{"count":0,"href":"https:\/\/www.europesays.com\/pt\/wp-json\/wp\/v2\/posts\/207519\/revisions"}],"wp:featuredmedia":[{"embeddable":true,"href":"https:\/\/www.europesays.com\/pt\/wp-json\/wp\/v2\/media\/207520"}],"wp:attachment":[{"href":"https:\/\/www.europesays.com\/pt\/wp-json\/wp\/v2\/media?parent=207519"}],"wp:term":[{"taxonomy":"category","embeddable":true,"href":"https:\/\/www.europesays.com\/pt\/wp-json\/wp\/v2\/categories?post=207519"},{"taxonomy":"post_tag","embeddable":true,"href":"https:\/\/www.europesays.com\/pt\/wp-json\/wp\/v2\/tags?post=207519"}],"curies":[{"name":"wp","href":"https:\/\/api.w.org\/{rel}","templated":true}]}}