{"id":207561,"date":"2025-12-30T08:35:15","date_gmt":"2025-12-30T08:35:15","guid":{"rendered":"https:\/\/www.europesays.com\/pt\/207561\/"},"modified":"2025-12-30T08:35:15","modified_gmt":"2025-12-30T08:35:15","slug":"fica-um-golo-anulado-que-esta-para-ser-explicado-e-nao-consigo-perceber","status":"publish","type":"post","link":"https:\/\/www.europesays.com\/pt\/207561\/","title":{"rendered":"\u00abFica um golo anulado que est\u00e1 para ser explicado e n\u00e3o consigo perceber\u00bb"},"content":{"rendered":"<p>&#8211; Advertisement &#8211;<\/p>\n<p>Rui Costa reagiu ao empate entre o Braga e o Benfica por<a href=\"https:\/\/bolanarede.pt\/especial-bola-na-rede\/atualidade\/braga-e-benfica-empatam-em-jogo-de-emocoes-fortes\/\" rel=\"nofollow noopener\" target=\"_blank\"> 2-2<\/a>. O presidente dos encarnados deixou cr\u00edticas \u00e0 arbitragem, assumindo que existiu um golo mal anulado ao emblema da Luz:<\/p>\n<p>\u00ab\u00c9 um jogo de futebol, duas boas equipas, um jogo repartido. Fica um golo anulado que est\u00e1 para ser explicado e n\u00e3o consigo perceber. O 3-2 que o Mourinho refere n\u00e3o me parece nada falta. Aquele golo podia dar-nos a vit\u00f3ria, n\u00e3o percebo. Estou de acordo com Ant\u00f3nio Salvador. O Braga tem todo o direito de se lamentar, estou aqui para falar do Benfica. H\u00e1 um golo limpo, dava a reviravolta do jogo para o Benfica, numa fase em que o jogo podia ficar mais resolvido. O Benfica vai questionar tudo, como certos \u00e1rbitros que podem n\u00e3o ter condi\u00e7\u00f5es, como o Ant\u00f3nio Salvador defende. N\u00f3s trabalhamos com os jogadores para que joguem como na segunda parte. Fizemos a reviravolta no resultado e infelizmente n\u00e3o nos foi permitido que isso acontecesse\u00bb.<\/p>\n","protected":false},"excerpt":{"rendered":"&#8211; Advertisement &#8211; Rui Costa reagiu ao empate entre o Braga e o Benfica por 2-2. O presidente&hellip;\n","protected":false},"author":2,"featured_media":207562,"comment_status":"","ping_status":"","sticky":false,"template":"","format":"standard","meta":{"footnotes":""},"categories":[8],"tags":[260,27,28,15,16,14,25,26,21,22,12,13,19,20,32,23,24,33,17,18,29,30,31],"class_list":{"0":"post-207561","1":"post","2":"type-post","3":"status-publish","4":"format-standard","5":"has-post-thumbnail","7":"category-principais-noticias","8":"tag-atualidade","9":"tag-breaking-news","10":"tag-breakingnews","11":"tag-featured-news","12":"tag-featurednews","13":"tag-headlines","14":"tag-latest-news","15":"tag-latestnews","16":"tag-main-news","17":"tag-mainnews","18":"tag-news","19":"tag-noticias","20":"tag-noticias-principais","21":"tag-noticiasprincipais","22":"tag-portugal","23":"tag-principais-noticias","24":"tag-principaisnoticias","25":"tag-pt","26":"tag-top-stories","27":"tag-topstories","28":"tag-ultimas","29":"tag-ultimas-noticias","30":"tag-ultimasnoticias"},"share_on_mastodon":{"url":"https:\/\/pubeurope.com\/@pt\/115807605492501908","error":""},"_links":{"self":[{"href":"https:\/\/www.europesays.com\/pt\/wp-json\/wp\/v2\/posts\/207561","targetHints":{"allow":["GET"]}}],"collection":[{"href":"https:\/\/www.europesays.com\/pt\/wp-json\/wp\/v2\/posts"}],"about":[{"href":"https:\/\/www.europesays.com\/pt\/wp-json\/wp\/v2\/types\/post"}],"author":[{"embeddable":true,"href":"https:\/\/www.europesays.com\/pt\/wp-json\/wp\/v2\/users\/2"}],"replies":[{"embeddable":true,"href":"https:\/\/www.europesays.com\/pt\/wp-json\/wp\/v2\/comments?post=207561"}],"version-history":[{"count":0,"href":"https:\/\/www.europesays.com\/pt\/wp-json\/wp\/v2\/posts\/207561\/revisions"}],"wp:featuredmedia":[{"embeddable":true,"href":"https:\/\/www.europesays.com\/pt\/wp-json\/wp\/v2\/media\/207562"}],"wp:attachment":[{"href":"https:\/\/www.europesays.com\/pt\/wp-json\/wp\/v2\/media?parent=207561"}],"wp:term":[{"taxonomy":"category","embeddable":true,"href":"https:\/\/www.europesays.com\/pt\/wp-json\/wp\/v2\/categories?post=207561"},{"taxonomy":"post_tag","embeddable":true,"href":"https:\/\/www.europesays.com\/pt\/wp-json\/wp\/v2\/tags?post=207561"}],"curies":[{"name":"wp","href":"https:\/\/api.w.org\/{rel}","templated":true}]}}