{"id":207565,"date":"2025-12-30T08:39:12","date_gmt":"2025-12-30T08:39:12","guid":{"rendered":"https:\/\/www.europesays.com\/pt\/207565\/"},"modified":"2025-12-30T08:39:12","modified_gmt":"2025-12-30T08:39:12","slug":"a-um-passo-de-vencer-secret-story-pedro-jorge-recebe-apoio-de-clube-de-futebol","status":"publish","type":"post","link":"https:\/\/www.europesays.com\/pt\/207565\/","title":{"rendered":"A um passo de vencer &#8220;Secret Story&#8221;, Pedro Jorge recebe apoio de&#8230; clube de futebol!"},"content":{"rendered":"<p>Ao lado de In\u00eas Gama, Liliana Oliveira e <a href=\"https:\/\/selfie.iol.pt\/famosos\/casa-dos-segredos\/fora-de-secret-story-ha-uma-novidade-importante-sobre-marisa-pires-e-a-familia-reage-com-a-mesma-verdade-de-sempre\/20251226\/694e5668d34e2bd5c6d58421\" target=\"_blank\" rel=\"nofollow noopener\">Marisa Pires<\/a>, Pedro Jorge \u00e9 finalista da nona edi\u00e7\u00e3o de &#8220;Secret Story &#8211; Casa dos Segredos&#8221;. Ap\u00f3s o concorrente conquistar um lugar na derradeira etapa do reality show da <a href=\"https:\/\/tvi.iol.pt\/\" target=\"_blank\" rel=\"nofollow noopener\">TVI<\/a>, o\u00a0Sporting Clube da Covilh\u00e3 recorreu ao Instagram para manifestar publicamente o apoio ao mesmo.<\/p>\n<p>&#8220;O Pedro Jorge, o nosso Jorginho, abra\u00e7ou um novo desafio e est\u00e1 prestes a entrar na reta final. Com forma\u00e7\u00e3o no Sporting Clube da Covilh\u00e3, demonstramos todo o nosso apoio! No SC Covilh\u00e3, formamos jogadores e formamos homens. Foi no Covilh\u00e3 que o Pedro conheceu os melhores amigos, que cresceu e que se tornou no que \u00e9 hoje!&#8221;, escreveu o clube de futebol.<\/p>\n<p>&#8220;O SC Covilh\u00e3 preza pelo sucesso de todos &#8216;os meninos&#8217; que por ele passam! Pedro, o teu clube est\u00e1 contigo! A tua cidade est\u00e1 contigo! For\u00e7a, Le\u00e3o da Serra!&#8221;, pode ainda ler-se.<\/p>\n<p>O vencedor de &#8220;<a href=\"https:\/\/tvi.iol.pt\/secretstory\/\" target=\"_blank\" rel=\"nofollow noopener\">Secret Story<\/a> &#8211; Casa dos Segredos&#8221; vai ganhar um cheque de 250 mil euros.<\/p>\n<p>Veja, agora, v\u00eddeos de <a href=\"https:\/\/selfie.iol.pt\/famosos\/fabio\/apos-expulsao-de-secret-story-fabio-apelida-pedro-jorge-de-monstro-as-pessoas-tem-que-o-julgar\/20251222\/69496119d34e3caad84cb22c\" target=\"_blank\" rel=\"nofollow noopener\">Pedro Jorge<\/a> em &#8220;Secret Story &#8211; Casa dos Segredos&#8221;.<\/p>\n<blockquote class=\"instagram-media\" data-instgrm-captioned=\"\" data-instgrm-permalink=\"https:\/\/www.instagram.com\/p\/DS2D94lDLqC\/?utm_source=ig_embed&amp;utm_campaign=loading\" data-instgrm-version=\"14\" style=\" background:#FFF; border:0; border-radius:3px; box-shadow:0 0 1px 0 rgba(0,0,0,0.5),0 1px 10px 0 rgba(0,0,0,0.15); margin: 1px; max-width:540px; min-width:326px; padding:0; width:99.375%; width:-webkit-calc(100% - 2px); width:calc(100% - 2px);\">\n<\/blockquote>\n<p>\u00a0<\/p>\n<p>                        <script async src=\"\/\/www.instagram.com\/embed.js\"><\/script><\/p>\n","protected":false},"excerpt":{"rendered":"Ao lado de In\u00eas Gama, Liliana Oliveira e Marisa Pires, Pedro Jorge \u00e9 finalista da nona edi\u00e7\u00e3o de&hellip;\n","protected":false},"author":2,"featured_media":150115,"comment_status":"","ping_status":"","sticky":false,"template":"","format":"standard","meta":{"footnotes":""},"categories":[142],"tags":[2632,13471,6338,328,114,115,980,9485,26384,619,14646,21416,32,33,1014,1315,6985,16687,16686,1012,6986,16688,151,162],"class_list":{"0":"post-207565","1":"post","2":"type-post","3":"status-publish","4":"format-standard","5":"has-post-thumbnail","7":"category-tv","8":"tag-casa-dos-segredos","9":"tag-casa-dos-segredos-9","10":"tag-concorrente","11":"tag-concorrentes","12":"tag-entertainment","13":"tag-entretenimento","14":"tag-famosos","15":"tag-finalista","16":"tag-finalistas","17":"tag-nacional","18":"tag-pedro","19":"tag-pedro-jorge","20":"tag-portugal","21":"tag-pt","22":"tag-reality-show","23":"tag-secret-story","24":"tag-secret-story-casa-dos-segredos","25":"tag-secret-story-casa-dos-segredos-9","26":"tag-secret-story-9","27":"tag-selfie","28":"tag-ss","29":"tag-ss9","30":"tag-tv","31":"tag-tvi"},"share_on_mastodon":{"url":"https:\/\/pubeurope.com\/@pt\/115807621118352084","error":""},"_links":{"self":[{"href":"https:\/\/www.europesays.com\/pt\/wp-json\/wp\/v2\/posts\/207565","targetHints":{"allow":["GET"]}}],"collection":[{"href":"https:\/\/www.europesays.com\/pt\/wp-json\/wp\/v2\/posts"}],"about":[{"href":"https:\/\/www.europesays.com\/pt\/wp-json\/wp\/v2\/types\/post"}],"author":[{"embeddable":true,"href":"https:\/\/www.europesays.com\/pt\/wp-json\/wp\/v2\/users\/2"}],"replies":[{"embeddable":true,"href":"https:\/\/www.europesays.com\/pt\/wp-json\/wp\/v2\/comments?post=207565"}],"version-history":[{"count":0,"href":"https:\/\/www.europesays.com\/pt\/wp-json\/wp\/v2\/posts\/207565\/revisions"}],"wp:featuredmedia":[{"embeddable":true,"href":"https:\/\/www.europesays.com\/pt\/wp-json\/wp\/v2\/media\/150115"}],"wp:attachment":[{"href":"https:\/\/www.europesays.com\/pt\/wp-json\/wp\/v2\/media?parent=207565"}],"wp:term":[{"taxonomy":"category","embeddable":true,"href":"https:\/\/www.europesays.com\/pt\/wp-json\/wp\/v2\/categories?post=207565"},{"taxonomy":"post_tag","embeddable":true,"href":"https:\/\/www.europesays.com\/pt\/wp-json\/wp\/v2\/tags?post=207565"}],"curies":[{"name":"wp","href":"https:\/\/api.w.org\/{rel}","templated":true}]}}