{"id":207569,"date":"2025-12-30T08:45:08","date_gmt":"2025-12-30T08:45:08","guid":{"rendered":"https:\/\/www.europesays.com\/pt\/207569\/"},"modified":"2025-12-30T08:45:08","modified_gmt":"2025-12-30T08:45:08","slug":"openai-transforma-ia-em-ritual-de-fim-de-ano-com-retrospectiva-you-year-with-chatgpt","status":"publish","type":"post","link":"https:\/\/www.europesays.com\/pt\/207569\/","title":{"rendered":"OpenAI Transforma IA em Ritual de Fim de Ano com Retrospectiva You Year With ChatGPT"},"content":{"rendered":"<p>\t\t\t\t\t\t\t&#13;<br \/>\n\t\t<img width=\"678\" height=\"452\" src=\"https:\/\/www.europesays.com\/pt\/wp-content\/uploads\/2025\/12\/Retrospectiva_Your_Year_With_ChatGPT-768x512.png\" class=\"attachment-medium_large size-medium_large wp-post-image\" alt=\"Your Year With ChatGPT\" decoding=\"async\" fetchpriority=\"high\"\/>\t\t<\/p>\n<p>OpenAI<\/p>\n<p>&#13;<br \/>\n\t\t\tNo Instagram oficial da OpenAI, a empresa explicou que o recurso \u00e9 \u201cuma forma de celebrar como voc\u00ea usou o ChatGPT em 2025\u201d&#13;<\/p>\n<p>Acessibilidade<\/p>\n<p>&#13;<br \/>\n\t\t\tL&#13;<br \/>\n\t\t\tL&#13;<br \/>\n\t\t\tA-&#13;<br \/>\n\t\t\tA+&#13;<br \/>\n\t\t\t&#13;<br \/>\n\t\t\t\u25d0&#13;<br \/>\n\t\t\t&#13;\n\t\t<\/p>\n<p>A OpenAI lan\u00e7ou o recurso <b>\u201cYour Year With ChatGPT\u201d<\/b>, uma retrospectiva anual que organiza o hist\u00f3rico de intera\u00e7\u00f5es dos usu\u00e1rios em um formato estruturado. Inspirado em vers\u00f5es famosas como o Spotify Wrapped, o recurso apresenta estat\u00edsticas de uso, registros de momentos de maior atividade e elementos visuais que sintetizam o comportamento de cada pessoa ao longo de 2025.<\/p>\n<p>Leia tamb\u00e9m<\/p>\n<p>Dispon\u00edvel desde 22 de dezembro em pa\u00edses como Estados Unidos, Canad\u00e1, Reino Unido, Austr\u00e1lia e Nova Zel\u00e2ndia, o \u201cYour Year With ChatGPT\u201d pode ser acessado por usu\u00e1rios dos planos Free, Plus e Pro, desde que tenham ativado hist\u00f3rico e mem\u00f3rias. Essa condi\u00e7\u00e3o \u00e9 necess\u00e1ria porque os resumos s\u00e3o gerados automaticamente a partir das conversas salvas durante o ano. Para quem desativou essas fun\u00e7\u00f5es, a retrospectiva n\u00e3o \u00e9 oferecida, o que refor\u00e7a a import\u00e2ncia de revisar as configura\u00e7\u00f5es de privacidade antes de utilizar o recurso.<\/p>\n<p>O formato da retrospectiva vai al\u00e9m de n\u00fameros e estat\u00edsticas. O ChatGPT gera poemas, imagens em pixel art e pr\u00eamios simb\u00f3licos relacionados aos temas mais recorrentes de cada usu\u00e1rio, criando uma representa\u00e7\u00e3o personalizada das intera\u00e7\u00f5es. No Instagram oficial da OpenAI, a empresa explicou que o recurso \u00e9 \u201cuma forma de celebrar como voc\u00ea usou o ChatGPT em 2025\u201d.<\/p>\n<p>A novidade evidencia como a intelig\u00eancia artificial est\u00e1 se consolidando como parte da rotina digital. Em 2025, o ChatGPT alcan\u00e7ou aproximadamente 900 milh\u00f5es de usu\u00e1rios ativos mensais, e iniciativas como essa ampliam o engajamento ao oferecer uma vis\u00e3o organizada do uso da ferramenta. A retrospectiva tamb\u00e9m cria um novo h\u00e1bito de fim de ano, em que as intera\u00e7\u00f5es com a IA passam a compor registros coletivos ao lado de m\u00fasicas, fotos e outros conte\u00fados digitais.<\/p>\n<p>Escolhas do editor<\/p>\n<p>Embora o recurso esteja restrito a alguns mercados, a expectativa \u00e9 de expans\u00e3o gradual. Para usu\u00e1rios brasileiros e de outros pa\u00edses da Am\u00e9rica Latina, ainda n\u00e3o h\u00e1 previs\u00e3o oficial de lan\u00e7amento. A retrospectiva, no entanto, indica uma tend\u00eancia: ferramentas de intelig\u00eancia artificial est\u00e3o cada vez mais voltadas para experi\u00eancias personalizadas que aproximam tecnologia e cotidiano, consolidando a IA como parte da cultura digital contempor\u00e2nea.<\/p>\n<p>Siga o canal da <a href=\"https:\/\/whatsapp.com\/channel\/0029Va9gQKwBFLgM96cJnu0u\" target=\"_blank\" rel=\"noopener noreferrer nofollow\" title=\"Grupo da Forbes no WhatsApp\">Forbes<\/a> no WhatsApp e receba as principais not\u00edcias de empreendedorismo, carreira, tecnologia, agro e lifestyle.<\/p>\n","protected":false},"excerpt":{"rendered":"&#13; OpenAI &#13; No Instagram oficial da OpenAI, a empresa explicou que o recurso \u00e9 \u201cuma forma de&hellip;\n","protected":false},"author":2,"featured_media":207570,"comment_status":"","ping_status":"","sticky":false,"template":"","format":"standard","meta":{"footnotes":""},"categories":[84],"tags":[109,107,108,32,33,105,103,104,106,110],"class_list":{"0":"post-207569","1":"post","2":"type-post","3":"status-publish","4":"format-standard","5":"has-post-thumbnail","7":"category-ciencia-e-tecnologia","8":"tag-ciencia","9":"tag-ciencia-e-tecnologia","10":"tag-cienciaetecnologia","11":"tag-portugal","12":"tag-pt","13":"tag-science","14":"tag-science-and-technology","15":"tag-scienceandtechnology","16":"tag-technology","17":"tag-tecnologia"},"share_on_mastodon":{"url":"https:\/\/pubeurope.com\/@pt\/115807644794940612","error":""},"_links":{"self":[{"href":"https:\/\/www.europesays.com\/pt\/wp-json\/wp\/v2\/posts\/207569","targetHints":{"allow":["GET"]}}],"collection":[{"href":"https:\/\/www.europesays.com\/pt\/wp-json\/wp\/v2\/posts"}],"about":[{"href":"https:\/\/www.europesays.com\/pt\/wp-json\/wp\/v2\/types\/post"}],"author":[{"embeddable":true,"href":"https:\/\/www.europesays.com\/pt\/wp-json\/wp\/v2\/users\/2"}],"replies":[{"embeddable":true,"href":"https:\/\/www.europesays.com\/pt\/wp-json\/wp\/v2\/comments?post=207569"}],"version-history":[{"count":0,"href":"https:\/\/www.europesays.com\/pt\/wp-json\/wp\/v2\/posts\/207569\/revisions"}],"wp:featuredmedia":[{"embeddable":true,"href":"https:\/\/www.europesays.com\/pt\/wp-json\/wp\/v2\/media\/207570"}],"wp:attachment":[{"href":"https:\/\/www.europesays.com\/pt\/wp-json\/wp\/v2\/media?parent=207569"}],"wp:term":[{"taxonomy":"category","embeddable":true,"href":"https:\/\/www.europesays.com\/pt\/wp-json\/wp\/v2\/categories?post=207569"},{"taxonomy":"post_tag","embeddable":true,"href":"https:\/\/www.europesays.com\/pt\/wp-json\/wp\/v2\/tags?post=207569"}],"curies":[{"name":"wp","href":"https:\/\/api.w.org\/{rel}","templated":true}]}}