{"id":207599,"date":"2025-12-30T09:15:06","date_gmt":"2025-12-30T09:15:06","guid":{"rendered":"https:\/\/www.europesays.com\/pt\/207599\/"},"modified":"2025-12-30T09:15:06","modified_gmt":"2025-12-30T09:15:06","slug":"eua-atacaram-porto-na-venezuela-trump-fala-num-ataque-forte","status":"publish","type":"post","link":"https:\/\/www.europesays.com\/pt\/207599\/","title":{"rendered":"EUA atacaram porto na Venezuela, Trump fala num ataque &#8220;forte&#8221;"},"content":{"rendered":"<p data-remotead-prev-elm=\"true\" data-remotead-elm-id=\"inread\">O di\u00e1rio norte-americano avan\u00e7ou, na segunda-feira, que o ataque da Ag\u00eancia Central de Intelig\u00eancia dos Estados Unidos (CIA, na sigla em ingl\u00eas) teve como alvo um cais que as autoridades norte-americanas acreditam ser utilizado pela organiza\u00e7\u00e3o criminosa transnacional Tren de Aragua para armazenar narc\u00f3ticos e prepar\u00e1-los para o transporte mar\u00edtimo.<\/p>\n<p>As fontes, que pediram para n\u00e3o ser identificadas, indicaram ao jornal que n\u00e3o havia ningu\u00e9m no local no momento do impacto e que n\u00e3o houve v\u00edtimas mortais.<\/p>\n<p>Numa entrevista \u00e0 r\u00e1dio WABC divulgada na sexta-feira, mas s\u00f3 esta segunda-feira citada pelos meios de comunica\u00e7\u00e3o norte-americanos, o presidente dos Estados Unidos, Donald Trump, avan\u00e7ou que o Ex\u00e9rcito destruiu, na semana passada, <strong>uma &#8220;grande instala\u00e7\u00e3o&#8221;<\/strong> usada alegadamente por uma rede de narcotr\u00e1fico controlada pela Venezuela.<\/p>\n<blockquote data-type=\"articles\" data-id=\"related-article-18035187\"><p>\n              <strong>Leia tamb\u00e9m <\/strong><br \/>\n              <a href=\"https:\/\/www.jn.pt\/mundo\/artigo\/eua-destruiram-grande-instalacao-no-que-pode-ser-o-primeiro-ataque-terrestre-na-venezuela\/18035187\" rel=\"nofollow noopener\" target=\"_blank\">EUA destru\u00edram &#8220;grande instala\u00e7\u00e3o&#8221; no que pode ser o primeiro ataque terrestre na Venezuela<\/a>\n            <\/p><\/blockquote>\n<p>Trump explicou que a instala\u00e7\u00e3o tinha sido arrasada &#8220;h\u00e1 duas noites&#8221; [ou seja, na quarta-feira], no \u00e2mbito da campanha norte-americana contra embarca\u00e7\u00f5es suspeitas de tr\u00e1fico de droga nas Cara\u00edbas, e descreveu a opera\u00e7\u00e3o como um <strong>ataque &#8220;forte&#8221;<\/strong>, embora n\u00e3o tenha detalhado a natureza do alvo.<\/p>\n<p>O presidente acrescentou que Washington tem como objetivo desmantelar o chamado Cartel de Los Soles, que acusa de ser dirigido pelo Governo do l\u00edder venezuelano, Nicol\u00e1s Maduro, o que \u00e9 rejeitado por Caracas.<\/p>\n<p>A confirmar-se, este seria o <strong>primeiro ataque terrestre<\/strong> numa campanha que tem decorrido em \u00e1guas internacionais e que, segundo Trump, j\u00e1 levou \u00e0 destrui\u00e7\u00e3o de cerca de 30 embarca\u00e7\u00f5es de alegado narcotr\u00e1fico e \u00e0 morte de mais de cem tripulantes.<\/p>\n","protected":false},"excerpt":{"rendered":"O di\u00e1rio norte-americano avan\u00e7ou, na segunda-feira, que o ataque da Ag\u00eancia Central de Intelig\u00eancia dos Estados Unidos (CIA,&hellip;\n","protected":false},"author":2,"featured_media":207600,"comment_status":"","ping_status":"","sticky":false,"template":"","format":"standard","meta":{"footnotes":""},"categories":[50],"tags":[27,28,413,15,16,14,25,26,21,22,62,7808,12,13,19,20,23,24,17,18,29,30,31,3023,63,64,65],"class_list":{"0":"post-207599","1":"post","2":"type-post","3":"status-publish","4":"format-standard","5":"has-post-thumbnail","7":"category-mundo","8":"tag-breaking-news","9":"tag-breakingnews","10":"tag-eua","11":"tag-featured-news","12":"tag-featurednews","13":"tag-headlines","14":"tag-latest-news","15":"tag-latestnews","16":"tag-main-news","17":"tag-mainnews","18":"tag-mundo","19":"tag-narcotrafico","20":"tag-news","21":"tag-noticias","22":"tag-noticias-principais","23":"tag-noticiasprincipais","24":"tag-principais-noticias","25":"tag-principaisnoticias","26":"tag-top-stories","27":"tag-topstories","28":"tag-ultimas","29":"tag-ultimas-noticias","30":"tag-ultimasnoticias","31":"tag-venezuela","32":"tag-world","33":"tag-world-news","34":"tag-worldnews"},"share_on_mastodon":{"url":"https:\/\/pubeurope.com\/@pt\/115807762798564975","error":""},"_links":{"self":[{"href":"https:\/\/www.europesays.com\/pt\/wp-json\/wp\/v2\/posts\/207599","targetHints":{"allow":["GET"]}}],"collection":[{"href":"https:\/\/www.europesays.com\/pt\/wp-json\/wp\/v2\/posts"}],"about":[{"href":"https:\/\/www.europesays.com\/pt\/wp-json\/wp\/v2\/types\/post"}],"author":[{"embeddable":true,"href":"https:\/\/www.europesays.com\/pt\/wp-json\/wp\/v2\/users\/2"}],"replies":[{"embeddable":true,"href":"https:\/\/www.europesays.com\/pt\/wp-json\/wp\/v2\/comments?post=207599"}],"version-history":[{"count":0,"href":"https:\/\/www.europesays.com\/pt\/wp-json\/wp\/v2\/posts\/207599\/revisions"}],"wp:featuredmedia":[{"embeddable":true,"href":"https:\/\/www.europesays.com\/pt\/wp-json\/wp\/v2\/media\/207600"}],"wp:attachment":[{"href":"https:\/\/www.europesays.com\/pt\/wp-json\/wp\/v2\/media?parent=207599"}],"wp:term":[{"taxonomy":"category","embeddable":true,"href":"https:\/\/www.europesays.com\/pt\/wp-json\/wp\/v2\/categories?post=207599"},{"taxonomy":"post_tag","embeddable":true,"href":"https:\/\/www.europesays.com\/pt\/wp-json\/wp\/v2\/tags?post=207599"}],"curies":[{"name":"wp","href":"https:\/\/api.w.org\/{rel}","templated":true}]}}