{"id":207601,"date":"2025-12-30T09:16:13","date_gmt":"2025-12-30T09:16:13","guid":{"rendered":"https:\/\/www.europesays.com\/pt\/207601\/"},"modified":"2025-12-30T09:16:13","modified_gmt":"2025-12-30T09:16:13","slug":"enfermeira-condenada-por-matar-jovem-vista-em-marrocos-observador","status":"publish","type":"post","link":"https:\/\/www.europesays.com\/pt\/207601\/","title":{"rendered":"Enfermeira condenada por matar jovem vista em Marrocos \u2013 Observador"},"content":{"rendered":"<p>Mariana Fonseca, a enfermeira condenada a 23 anos de pris\u00e3o em coautoria pelo homic\u00eddio, em 2020, de um engenheiro inform\u00e1tico, ter\u00e1 sido avistada em Marrocos, avan\u00e7ou o <a href=\"https:\/\/www.cmjornal.pt\/portugal\/detalhe\/enfermeira-homicida-em-fuga-foi-avistada-em-marrocos\" target=\"_blank\" rel=\"noopener nofollow\">Correio da Manh\u00e3<\/a>. A portuguesa, de 29 anos, est\u00e1 em fuga \u00e0 justi\u00e7a h\u00e1 cerca de seis meses.<\/p>\n<p>Segundo o CM, a Pol\u00edcia Judici\u00e1ria est\u00e1 a par de que Mariana Fonseca foi avistada nesse pa\u00eds no norte de \u00c1frica e admite a possibilidade de j\u00e1 ter uma identidade falsa e uma apar\u00eancia diferente daquela que tinha quando fugiu de Portugal.<\/p>\n<p>A jovem e a namorada, Maria Malveiro, foram acusadas de matar e desmembrar Diogo Gon\u00e7alves, de 21 anos, no Algarve, para ficar com os 70 mil euros que este ia receber de indemniza\u00e7\u00e3o pela morte da m\u00e3e, que foi atropelada. Em 2021, o Tribunal de Portim\u00e3o <a href=\"https:\/\/observador.pt\/2021\/04\/27\/homicidio-no-algarve-maria-condenada-a-pena-maxima-enfermeira-absolvida-do-homicidio\/\" target=\"_blank\" rel=\"noopener nofollow\">condenou a 25 anos de pris\u00e3o Maria Malveiro<\/a>, que acabou por ser encontrada sem vida na cela da pris\u00e3o de Tires onde cumpria pena. No mesmo ano o tribunal <a href=\"https:\/\/observador.pt\/2021\/04\/27\/homicidio-no-algarve-maria-condenada-a-pena-maxima-enfermeira-absolvida-do-homicidio\/\" target=\"_blank\" rel=\"noopener nofollow\">absolveu do homic\u00eddio Mariana Fonseca<\/a>, que ficou em liberdade. A decis\u00e3o foi revista pela Rela\u00e7\u00e3o de \u00c9vora, que a condenou a 25 anos de pris\u00e3o tendo Mariana recorrido para o Supremo, que reduziu a pena para 23 anos de pris\u00e3o.<\/p>\n<blockquote class=\"wp-embedded-content\" data-secret=\"RfyrrMoQNe\">\n<p><a href=\"https:\/\/observador.pt\/especiais\/so-queria-os-70-mil-euros-de-diogo-mas-acabou-por-mata-lo-a-historia-do-crime-que-comecou-num-ato-de-seducao\/\" rel=\"nofollow noopener\" target=\"_blank\">S\u00f3 queria os 70 mil euros de Diogo, mas acabou por mat\u00e1-lo.\u00a0A hist\u00f3ria do crime que come\u00e7ou num ato de sedu\u00e7\u00e3o<\/a><\/p>\n<\/blockquote>\n<p>A decis\u00e3o do Tribunal transitou em julgado no dia 13 de maio deste ano. Nessa altura, diz o CM, a ex-enfermeira (expulsa pela Ordem dos Enfermeiros depois da condena\u00e7\u00e3o pela Rela\u00e7\u00e3o) j\u00e1 tinha planeado a fuga. No dia 3 de julho o Tribunal de Portim\u00e3o <a href=\"https:\/\/observador.pt\/2025\/07\/11\/tribunal-emite-mandado-de-detencao-para-enfermeira-que-desmembrou-informatico-no-algarve-esta-em-parte-incerta-mas-sabe-de-tudo\/\" target=\"_blank\" rel=\"noopener nofollow\">deu indica\u00e7\u00f5es para que a GNR de Lagos executasse um mandado de deten\u00e7\u00e3o<\/a>.<\/p>\n<p>Nessa altura, o advogado de Mariana Fonseca adiantava ao Observador que a sua constituinte tinha conhecimento dos desenvolvimentos judiciais, mas n\u00e3o garantia que esta se ia entregar \u00e0s autoridades. A jovem n\u00e3o estava na morada indicada pelo tribunal e acabou por nunca se entregar \u00e0s autoridades.<\/p>\n<blockquote class=\"wp-embedded-content\" data-secret=\"k8gdCfb5Fv\">\n<p><a href=\"https:\/\/observador.pt\/2025\/07\/11\/tribunal-emite-mandado-de-detencao-para-enfermeira-que-desmembrou-informatico-no-algarve-esta-em-parte-incerta-mas-sabe-de-tudo\/\" rel=\"nofollow noopener\" target=\"_blank\">Tribunal emite mandado de deten\u00e7\u00e3o para enfermeira que desmembrou inform\u00e1tico no Algarve. Est\u00e1 em parte incerta, mas \u201csabe de tudo\u201d<\/a><\/p>\n<\/blockquote>\n","protected":false},"excerpt":{"rendered":"Mariana Fonseca, a enfermeira condenada a 23 anos de pris\u00e3o em coautoria pelo homic\u00eddio, em 2020, de um&hellip;\n","protected":false},"author":2,"featured_media":207602,"comment_status":"","ping_status":"","sticky":false,"template":"","format":"standard","meta":{"footnotes":""},"categories":[10],"tags":[27,28,604,15,16,14,300,25,26,21,22,12,13,19,20,3918,32,23,24,33,58,17,18,299,29,30,31],"class_list":{"0":"post-207601","1":"post","2":"type-post","3":"status-publish","4":"format-standard","5":"has-post-thumbnail","7":"category-portugal","8":"tag-breaking-news","9":"tag-breakingnews","10":"tag-crime","11":"tag-featured-news","12":"tag-featurednews","13":"tag-headlines","14":"tag-justiu00e7a","15":"tag-latest-news","16":"tag-latestnews","17":"tag-main-news","18":"tag-mainnews","19":"tag-news","20":"tag-noticias","21":"tag-noticias-principais","22":"tag-noticiasprincipais","23":"tag-polu00edcia-judiciu00e1ria","24":"tag-portugal","25":"tag-principais-noticias","26":"tag-principaisnoticias","27":"tag-pt","28":"tag-sociedade","29":"tag-top-stories","30":"tag-topstories","31":"tag-tribunal","32":"tag-ultimas","33":"tag-ultimas-noticias","34":"tag-ultimasnoticias"},"share_on_mastodon":{"url":"https:\/\/pubeurope.com\/@pt\/115807766656904509","error":""},"_links":{"self":[{"href":"https:\/\/www.europesays.com\/pt\/wp-json\/wp\/v2\/posts\/207601","targetHints":{"allow":["GET"]}}],"collection":[{"href":"https:\/\/www.europesays.com\/pt\/wp-json\/wp\/v2\/posts"}],"about":[{"href":"https:\/\/www.europesays.com\/pt\/wp-json\/wp\/v2\/types\/post"}],"author":[{"embeddable":true,"href":"https:\/\/www.europesays.com\/pt\/wp-json\/wp\/v2\/users\/2"}],"replies":[{"embeddable":true,"href":"https:\/\/www.europesays.com\/pt\/wp-json\/wp\/v2\/comments?post=207601"}],"version-history":[{"count":0,"href":"https:\/\/www.europesays.com\/pt\/wp-json\/wp\/v2\/posts\/207601\/revisions"}],"wp:featuredmedia":[{"embeddable":true,"href":"https:\/\/www.europesays.com\/pt\/wp-json\/wp\/v2\/media\/207602"}],"wp:attachment":[{"href":"https:\/\/www.europesays.com\/pt\/wp-json\/wp\/v2\/media?parent=207601"}],"wp:term":[{"taxonomy":"category","embeddable":true,"href":"https:\/\/www.europesays.com\/pt\/wp-json\/wp\/v2\/categories?post=207601"},{"taxonomy":"post_tag","embeddable":true,"href":"https:\/\/www.europesays.com\/pt\/wp-json\/wp\/v2\/tags?post=207601"}],"curies":[{"name":"wp","href":"https:\/\/api.w.org\/{rel}","templated":true}]}}