{"id":207603,"date":"2025-12-30T09:17:09","date_gmt":"2025-12-30T09:17:09","guid":{"rendered":"https:\/\/www.europesays.com\/pt\/207603\/"},"modified":"2025-12-30T09:17:09","modified_gmt":"2025-12-30T09:17:09","slug":"aguias-torcem-o-nariz-aos-15-milhoes-de-euros-pedidos-pelo-rio-ave","status":"publish","type":"post","link":"https:\/\/www.europesays.com\/pt\/207603\/","title":{"rendered":"\u00e1guias torcem o nariz aos 15 milh\u00f5es de euros pedidos pelo Rio Ave"},"content":{"rendered":"<p>&#8211; Advertisement &#8211;<\/p>\n<p><strong>Andr\u00e9 Luiz est\u00e1 a ser negociado entre o Rio Ave e o Benfica. O conjunto de Vila do Conde quer 15 milh\u00f5es de euros pelo extremo.<\/strong><\/p>\n<p>Andr\u00e9 Luiz<a href=\"https:\/\/bolanarede.pt\/especial-bola-na-rede\/atualidade\/transferencia-de-andre-luiz-para-o-benfica-ja-tem-valor-em-cima-da-mesa\/\" target=\"_blank\" rel=\"noreferrer noopener nofollow\"> \u00e9 um dos grandes alvos do Benfica para o mercado de transfer\u00eancias de inverno<\/a>, sendo que j\u00e1 existem negocia\u00e7\u00f5es. De acordo com o jornal A Bola, o Rio Ave quer receber 15 milh\u00f5es de euros pelo extremo, mas o emblema da Luz n\u00e3o quer pagar tanto dinheiro.<\/p>\n<p>O Benfica est\u00e1 a tentar baixar a verba pedida, incluindo b\u00f3nus por objetivos, al\u00e9m da percentagem de uma futura transfer\u00eancia. Andr\u00e9 Luiz tem 23 anos de idade e na presente temporada soma 17 encontros, com cinco golos marcados e cinco assist\u00eancias. Chegou ao clube em janeiro de 2025, proveniente do Estrela da Amadora.<\/p>\n<p>Andr\u00e9 Luiz \u00e9 visto como um membro importante para a equipa t\u00e9cnica de Sotiris Silaidopoulos. <\/p>\n","protected":false},"excerpt":{"rendered":"&#8211; Advertisement &#8211; Andr\u00e9 Luiz est\u00e1 a ser negociado entre o Rio Ave e o Benfica. O conjunto&hellip;\n","protected":false},"author":2,"featured_media":207604,"comment_status":"","ping_status":"","sticky":false,"template":"","format":"standard","meta":{"footnotes":""},"categories":[8],"tags":[40480,260,51,27,28,478,15,16,14,25,26,21,22,12,13,19,20,32,479,23,24,33,9819,17,18,29,30,31],"class_list":{"0":"post-207603","1":"post","2":"type-post","3":"status-publish","4":"format-standard","5":"has-post-thumbnail","7":"category-principais-noticias","8":"tag-andre-luiz","9":"tag-atualidade","10":"tag-benfica","11":"tag-breaking-news","12":"tag-breakingnews","13":"tag-destaques-bnr","14":"tag-featured-news","15":"tag-featurednews","16":"tag-headlines","17":"tag-latest-news","18":"tag-latestnews","19":"tag-main-news","20":"tag-mainnews","21":"tag-news","22":"tag-noticias","23":"tag-noticias-principais","24":"tag-noticiasprincipais","25":"tag-portugal","26":"tag-primeira-liga","27":"tag-principais-noticias","28":"tag-principaisnoticias","29":"tag-pt","30":"tag-rio-ave","31":"tag-top-stories","32":"tag-topstories","33":"tag-ultimas","34":"tag-ultimas-noticias","35":"tag-ultimasnoticias"},"share_on_mastodon":{"url":"https:\/\/pubeurope.com\/@pt\/115807770780591112","error":""},"_links":{"self":[{"href":"https:\/\/www.europesays.com\/pt\/wp-json\/wp\/v2\/posts\/207603","targetHints":{"allow":["GET"]}}],"collection":[{"href":"https:\/\/www.europesays.com\/pt\/wp-json\/wp\/v2\/posts"}],"about":[{"href":"https:\/\/www.europesays.com\/pt\/wp-json\/wp\/v2\/types\/post"}],"author":[{"embeddable":true,"href":"https:\/\/www.europesays.com\/pt\/wp-json\/wp\/v2\/users\/2"}],"replies":[{"embeddable":true,"href":"https:\/\/www.europesays.com\/pt\/wp-json\/wp\/v2\/comments?post=207603"}],"version-history":[{"count":0,"href":"https:\/\/www.europesays.com\/pt\/wp-json\/wp\/v2\/posts\/207603\/revisions"}],"wp:featuredmedia":[{"embeddable":true,"href":"https:\/\/www.europesays.com\/pt\/wp-json\/wp\/v2\/media\/207604"}],"wp:attachment":[{"href":"https:\/\/www.europesays.com\/pt\/wp-json\/wp\/v2\/media?parent=207603"}],"wp:term":[{"taxonomy":"category","embeddable":true,"href":"https:\/\/www.europesays.com\/pt\/wp-json\/wp\/v2\/categories?post=207603"},{"taxonomy":"post_tag","embeddable":true,"href":"https:\/\/www.europesays.com\/pt\/wp-json\/wp\/v2\/tags?post=207603"}],"curies":[{"name":"wp","href":"https:\/\/api.w.org\/{rel}","templated":true}]}}