{"id":207636,"date":"2025-12-30T09:49:08","date_gmt":"2025-12-30T09:49:08","guid":{"rendered":"https:\/\/www.europesays.com\/pt\/207636\/"},"modified":"2025-12-30T09:49:08","modified_gmt":"2025-12-30T09:49:08","slug":"terra-forte-sammy-desabafa-com-cobra-e-revela-ameaca-chocante-de-maria-de-fatima-novelas","status":"publish","type":"post","link":"https:\/\/www.europesays.com\/pt\/207636\/","title":{"rendered":"\u00abTerra Forte\u00bb: Sammy desabafa com Cobra e revela amea\u00e7a chocante de Maria de F\u00e1tima &#8211; Novelas"},"content":{"rendered":"<p>Em \u00abTerra Forte\u00bb, Sammy (Jos\u00e9 Fifalgo) diz a Cobra (Ricardo Burgos) que j\u00e1 conseguiu fazer as pazes com Maria de F\u00e1tima (Rita Pereira), admitindo ter- lhe custado muito fazer isso por que finalmente tinha tido coragem para assumir o seu amor por Flor (Benedita Pereira), mas ter de pensar agora no bem dela. Sammy conta a Cobra que Maria de F\u00e1tima amea\u00e7ou mat\u00e1-lo se ele a estivesse a enganar, esbo\u00e7ando ar meio apreensivo com aquilo.<\/p>\n","protected":false},"excerpt":{"rendered":"Em \u00abTerra Forte\u00bb, Sammy (Jos\u00e9 Fifalgo) diz a Cobra (Ricardo Burgos) que j\u00e1 conseguiu fazer as pazes com&hellip;\n","protected":false},"author":2,"featured_media":207637,"comment_status":"","ping_status":"","sticky":false,"template":"","format":"standard","meta":{"footnotes":""},"categories":[142],"tags":[160,166,114,115,157,167,164,161,158,165,159,32,33,156,18614,163,151,162],"class_list":{"0":"post-207636","1":"post","2":"type-post","3":"status-publish","4":"format-standard","5":"has-post-thumbnail","7":"category-tv","8":"tag-ana-guiomar","9":"tag-cristina-ferreira","10":"tag-entertainment","11":"tag-entretenimento","12":"tag-festa-e-festa","13":"tag-ficcao","14":"tag-jose-fidalgo","15":"tag-novelas","16":"tag-para-sempre","17":"tag-pedro-sousa","18":"tag-pedro-teixeira","19":"tag-portugal","20":"tag-pt","21":"tag-queridos-papas","22":"tag-terra-forte","23":"tag-tiago-teotonio-pereira","24":"tag-tv","25":"tag-tvi"},"share_on_mastodon":{"url":"https:\/\/pubeurope.com\/@pt\/115807896414579184","error":""},"_links":{"self":[{"href":"https:\/\/www.europesays.com\/pt\/wp-json\/wp\/v2\/posts\/207636","targetHints":{"allow":["GET"]}}],"collection":[{"href":"https:\/\/www.europesays.com\/pt\/wp-json\/wp\/v2\/posts"}],"about":[{"href":"https:\/\/www.europesays.com\/pt\/wp-json\/wp\/v2\/types\/post"}],"author":[{"embeddable":true,"href":"https:\/\/www.europesays.com\/pt\/wp-json\/wp\/v2\/users\/2"}],"replies":[{"embeddable":true,"href":"https:\/\/www.europesays.com\/pt\/wp-json\/wp\/v2\/comments?post=207636"}],"version-history":[{"count":0,"href":"https:\/\/www.europesays.com\/pt\/wp-json\/wp\/v2\/posts\/207636\/revisions"}],"wp:featuredmedia":[{"embeddable":true,"href":"https:\/\/www.europesays.com\/pt\/wp-json\/wp\/v2\/media\/207637"}],"wp:attachment":[{"href":"https:\/\/www.europesays.com\/pt\/wp-json\/wp\/v2\/media?parent=207636"}],"wp:term":[{"taxonomy":"category","embeddable":true,"href":"https:\/\/www.europesays.com\/pt\/wp-json\/wp\/v2\/categories?post=207636"},{"taxonomy":"post_tag","embeddable":true,"href":"https:\/\/www.europesays.com\/pt\/wp-json\/wp\/v2\/tags?post=207636"}],"curies":[{"name":"wp","href":"https:\/\/api.w.org\/{rel}","templated":true}]}}