{"id":207670,"date":"2025-12-30T10:17:07","date_gmt":"2025-12-30T10:17:07","guid":{"rendered":"https:\/\/www.europesays.com\/pt\/207670\/"},"modified":"2025-12-30T10:17:07","modified_gmt":"2025-12-30T10:17:07","slug":"vem-ai-em-terra-forte-marcus-tem-de-escolher-entre-o-dinheiro-e-gloria-novelas","status":"publish","type":"post","link":"https:\/\/www.europesays.com\/pt\/207670\/","title":{"rendered":"Vem a\u00ed em \u00abTerra Forte\u00bb: Marcus tem de escolher entre o dinheiro e Gl\u00f3ria &#8211; Novelas"},"content":{"rendered":"<p>Em \u00abTerra Forte\u00bb, <a href=\"https:\/\/tvi.iol.pt\/novelas\/videos\/terra-forte-manuel-tira-toda-a-fortuna-alvaro\/68f61d3d0cf285ab53a6aafc\" rel=\"nofollow noopener\" target=\"_blank\">\u00c1lvaro (Jos\u00e9 Wallenstein)<\/a>\u00a0diz a Marcus e <a href=\"https:\/\/tvi.iol.pt\/novelas\/videos\/terra-forte-maria-de-fatima-ameaca-gloria\/68fa5c280cf29d28d8298113\" rel=\"nofollow noopener\" target=\"_blank\">Gl\u00f3ria (Maria Jo\u00e3o Pinho)<\/a>\u00a0que eles est\u00e3o naquela situa\u00e7\u00e3o por culpa pr\u00f3pria por terem andado todo aquele tempo juntos sem coragem para assumirem nada. <a href=\"https:\/\/tvi.iol.pt\/novelas\/ator\/marcus\/68ee60fcd34ee0c2fed13e79\" rel=\"nofollow noopener\" target=\"_blank\"><strong data-end=\"259\" data-start=\"249\">Marcus (Vitor Hugo)<\/strong><\/a>\u00a0defende-se que gosta mesmo de Gl\u00f3ria a s\u00e9rio, e foi para a defender que expulsou os filhos de casa.<\/p>\n<p>Marcus e Gl\u00f3ria est\u00e3o espantados por \u00c1lvaro lhes dizer que s\u00f3 casando eles v\u00e3o poder atenuar n\u00e3o serem julgados por todos. Marcus esbo\u00e7a ar muito relutante por \u00c1lvaro salientar que ele tamb\u00e9m vai ter de abdicar do dinheiro dos seguros de <a href=\"https:\/\/tvi.iol.pt\/novelas\/videos\/maria-de-fatima-toma-decisao-sobre-vivi-esta-demitida\/68f8e7750cf285ab53a6b259\" rel=\"nofollow noopener\" target=\"_blank\">Vivi (Sofia Nicholson)<\/a>\u00a0e da sua casa para os filhos para limpar a imagem de ambos.<\/p>\n","protected":false},"excerpt":{"rendered":"Em \u00abTerra Forte\u00bb, \u00c1lvaro (Jos\u00e9 Wallenstein)\u00a0diz a Marcus e Gl\u00f3ria (Maria Jo\u00e3o Pinho)\u00a0que eles est\u00e3o naquela situa\u00e7\u00e3o por&hellip;\n","protected":false},"author":2,"featured_media":207671,"comment_status":"","ping_status":"","sticky":false,"template":"","format":"standard","meta":{"footnotes":""},"categories":[142],"tags":[160,166,114,115,157,167,164,2728,18616,161,158,165,159,32,33,156,163,151,162,6094],"class_list":{"0":"post-207670","1":"post","2":"type-post","3":"status-publish","4":"format-standard","5":"has-post-thumbnail","7":"category-tv","8":"tag-ana-guiomar","9":"tag-cristina-ferreira","10":"tag-entertainment","11":"tag-entretenimento","12":"tag-festa-e-festa","13":"tag-ficcao","14":"tag-jose-fidalgo","15":"tag-jose-wallenstein","16":"tag-maria-joao-pinho","17":"tag-novelas","18":"tag-para-sempre","19":"tag-pedro-sousa","20":"tag-pedro-teixeira","21":"tag-portugal","22":"tag-pt","23":"tag-queridos-papas","24":"tag-tiago-teotonio-pereira","25":"tag-tv","26":"tag-tvi","27":"tag-vitor-hugo"},"share_on_mastodon":{"url":"https:\/\/pubeurope.com\/@pt\/115808006496681285","error":""},"_links":{"self":[{"href":"https:\/\/www.europesays.com\/pt\/wp-json\/wp\/v2\/posts\/207670","targetHints":{"allow":["GET"]}}],"collection":[{"href":"https:\/\/www.europesays.com\/pt\/wp-json\/wp\/v2\/posts"}],"about":[{"href":"https:\/\/www.europesays.com\/pt\/wp-json\/wp\/v2\/types\/post"}],"author":[{"embeddable":true,"href":"https:\/\/www.europesays.com\/pt\/wp-json\/wp\/v2\/users\/2"}],"replies":[{"embeddable":true,"href":"https:\/\/www.europesays.com\/pt\/wp-json\/wp\/v2\/comments?post=207670"}],"version-history":[{"count":0,"href":"https:\/\/www.europesays.com\/pt\/wp-json\/wp\/v2\/posts\/207670\/revisions"}],"wp:featuredmedia":[{"embeddable":true,"href":"https:\/\/www.europesays.com\/pt\/wp-json\/wp\/v2\/media\/207671"}],"wp:attachment":[{"href":"https:\/\/www.europesays.com\/pt\/wp-json\/wp\/v2\/media?parent=207670"}],"wp:term":[{"taxonomy":"category","embeddable":true,"href":"https:\/\/www.europesays.com\/pt\/wp-json\/wp\/v2\/categories?post=207670"},{"taxonomy":"post_tag","embeddable":true,"href":"https:\/\/www.europesays.com\/pt\/wp-json\/wp\/v2\/tags?post=207670"}],"curies":[{"name":"wp","href":"https:\/\/api.w.org\/{rel}","templated":true}]}}