{"id":2077,"date":"2025-07-26T03:55:14","date_gmt":"2025-07-26T03:55:14","guid":{"rendered":"https:\/\/www.europesays.com\/pt\/2077\/"},"modified":"2025-07-26T03:55:14","modified_gmt":"2025-07-26T03:55:14","slug":"dia-do-escritor-expoe-crise-da-leitura-no-brasil-e-pro-abc-do-abc","status":"publish","type":"post","link":"https:\/\/www.europesays.com\/pt\/2077\/","title":{"rendered":"Dia do Escritor exp\u00f5e crise da leitura no Brasil e pro&#8230; ABC do ABC"},"content":{"rendered":"<p>Neste <strong>Dia do Escritor,<\/strong> 25 de julho, somos convidados a uma reflex\u00e3o importante: <strong>quando foi a \u00faltima vez que voc\u00ea leu um livro do in\u00edcio ao fim?<\/strong><\/p>\n<p>Entre tantas demandas da nossa rotina \u2013 casa, trabalho, vida social \u2013 ter tempo para ler se tornou um verdadeiro artigo de luxo. Mas, mesmo em meio a essa correria, h\u00e1 quem consiga manter a leitura em dia, aproveitando cada brecha. <strong>Iza Costa, de 23 anos, moradora de S\u00e3o Paulo<\/strong>, \u00e9 um exemplo. \u201cEu sempre gostei muito de ler, mas com a faculdade e trabalho ficou um pouco mais complicado, ent\u00e3o eu leio quando estou no trem, \u00e0s vezes, no meu hor\u00e1rio de almo\u00e7o e assim vou tentando terminar minhas leituras\u201d, explica a jovem.<\/p>\n<p><img width=\"860\" height=\"570\" src=\"https:\/\/www.europesays.com\/pt\/wp-content\/uploads\/2025\/07\/livros-1-860x570.jpg\" loading=\"lazy\" data-count-lazy=\"7\" fetchpriority=\"high\" decoding=\"async\" alt=\"Livros -Dia do Escritor\" class=\" wp-image-863815\" \/>Fernando Fraz\u00e3o\/Ag\u00eancia Brasil<\/p>\n<p>No Dia do Escritor, reflex\u00e3o sobre h\u00e1bitos de leitura no Brasil<\/p>\n<p>Infelizmente, a realidade de Iza n\u00e3o \u00e9 a da maioria. A <a href=\"https:\/\/www.cbl.org.br\/2024\/11\/mais-da-metade-dos-brasileiros-nao-le-livros-aponta-pesquisa\/\" data-type=\"link\" data-id=\"https:\/\/www.cbl.org.br\/2024\/11\/mais-da-metade-dos-brasileiros-nao-le-livros-aponta-pesquisa\/\" target=\"_blank\" rel=\"noopener nofollow\"><strong>6\u00aa edi\u00e7\u00e3o da pesquisa Retratos da Leitura no Brasil<\/strong> <\/a>revela um dado preocupante: o pa\u00eds perdeu 6,7 milh\u00f5es de leitores entre 2019 e 2024. Mais da metade da popula\u00e7\u00e3o (53%) declarou n\u00e3o ter lido nenhum livro nos tr\u00eas meses anteriores \u00e0 pesquisa, e apenas 27% afirmaram ter lido pelo menos uma obra completa no per\u00edodo.<\/p>\n<p>A irm\u00e3 de Iza, <strong>Julia, de 29 anos<\/strong>, se encaixa nessa metade da popula\u00e7\u00e3o que n\u00e3o l\u00ea h\u00e1 algum tempo. \u201cEu tamb\u00e9m sempre gostei de ler, acompanho p\u00e1ginas no Instagram que indicam livros, participo de grupos no Whatsapp que te ajudam a encontrar livros para ler em PDF, enfim, ainda fa\u00e7o parte desse \u2018mundo\u2019, por\u00e9m, neste ano s\u00f3 consegui ler um livro, e detalhe, demorei meses. De fato, a rotina e o celular tira esse prazer da gente\u201d, explica Julia.<\/p>\n<p>A cultura do cansa\u00e7o<\/p>\n<p>Um <a href=\"https:\/\/www.linkedin.com\/posts\/instituto-locomotiva_6-em-cada-10-brasileiros-n%C3%A3o-t%C3%AAm-nenhum-momento-activity-7173070975763267584-xZdQ?originalSubdomain=pt\" data-type=\"link\" data-id=\"https:\/\/www.linkedin.com\/posts\/instituto-locomotiva_6-em-cada-10-brasileiros-n%C3%A3o-t%C3%AAm-nenhum-momento-activity-7173070975763267584-xZdQ?originalSubdomain=pt\" target=\"_blank\" rel=\"noopener nofollow\">levantamento <\/a>do <strong>Instituto Locomotiva<\/strong> revelou que 65% dos brasileiros n\u00e3o desfrutam de nenhum momento de descanso durante a semana. Essa aus\u00eancia de pausas evidencia a dificuldade em se desconectar e, consequentemente, em dedicar tempo a atividades que exigem concentra\u00e7\u00e3o, como a <strong>leitura <\/strong>de um<strong> livro<\/strong> completo.<\/p>\n<p>Muitas pessoas, em seu pouco tempo livre, preferem passar horas rolando o feed das redes sociais ou assistindo a v\u00eddeos. Quando pensam em ler, a paci\u00eancia e a capacidade de foco muitas vezes j\u00e1 se esgotaram. A rotina atual, marcada por tantas informa\u00e7\u00f5es e a<a href=\"https:\/\/abcdoabc.com.br\/a-crise-dos-20-e-poucos-anos\/\" data-type=\"link\" data-id=\"https:\/\/abcdoabc.com.br\/a-crise-dos-20-e-poucos-anos\/\" rel=\"nofollow noopener\" target=\"_blank\"> cultura do \u201csempre conectado\u201d, <\/a>compromete seriamente o foco e a sa\u00fade mental. Uma <strong><a href=\"https:\/\/www.ufrgs.br\/jornal\/pesquisa-investiga-os-impactos-do-trabalho-remoto-para-servidores-da-ufrgs-no-contexto-da-pandemia\/\" data-type=\"link\" data-id=\"https:\/\/www.ufrgs.br\/jornal\/pesquisa-investiga-os-impactos-do-trabalho-remoto-para-servidores-da-ufrgs-no-contexto-da-pandemia\/\" target=\"_blank\" rel=\"noopener nofollow\">pesquisa <\/a>da Universidade Federal do Rio Grande do Sul (UFRGS)<\/strong> mostra que h\u00e1 um aumento significativo de profissionais que n\u00e3o conseguem se desligar do trabalho nem mesmo ap\u00f3s o expediente \u2014 e essa incapacidade de desconex\u00e3o est\u00e1 diretamente associada ao <strong>desgaste mental e ao risco de<\/strong><a href=\"https:\/\/abcdoabc.com.br\/sindrome-de-burnout\/\" data-type=\"link\" data-id=\"https:\/\/abcdoabc.com.br\/sindrome-de-burnout\/\" rel=\"nofollow noopener\" target=\"_blank\"><strong> burnout<\/strong>.<\/a><\/p>\n<p>Dicas para resgatar o h\u00e1bito de ler<\/p>\n<p><img width=\"860\" height=\"570\" src=\"https:\/\/www.europesays.com\/pt\/wp-content\/uploads\/2025\/07\/livros-860x570.jpg\" loading=\"lazy\" data-count-lazy=\"8\" fetchpriority=\"high\" decoding=\"async\" alt=\"Livros - Dia do Escritor\" class=\" wp-image-894946\"\/>Divulga\u00e7\u00e3o\/Freepik<\/p>\n<p><strong>Antonio Muniz<\/strong>, especialista em tecnologia e carreiras, CEO Advisor e autor do livro Smart Skills: Descubra seus pontos fortes para uma carreira produtiva e feliz, oferece dicas valiosas para combater essa fadiga digital. \u201cO primeiro passo \u00e9 parar de tratar tudo como urgente. A hiperconex\u00e3o nos coloca num estado de alerta constante, que mina o foco e aumenta a ansiedade. Organizar o tempo \u00e9 essencial para criar um espa\u00e7o onde seja poss\u00edvel aprender, refletir e crescer\u201d, explica Muniz.<\/p>\n<p>Ele recomenda o uso da <strong>matriz de Eisenhower<\/strong>, uma ferramenta que ajuda a classificar tarefas entre importantes, urgentes e elimin\u00e1veis. \u201cEssa metodologia permite clareza nas escolhas e reduz a sobrecarga mental, liberando tempo para investir no que realmente gera valor \u2014 como ler um bom livro que expanda a vis\u00e3o de mundo e desenvolva novas habilidades\u201d, conclui o autor.<\/p>\n<p>Programa \u201cPegue, Leve e Leia\u201d: Incentivo \u00e0 leitura em S\u00e3o Paulo<\/p>\n<p>Para incentivar a leitura e celebrar o<strong> Dia do Escritor,<\/strong> a <strong>Prefeitura de S\u00e3o Paulo,<\/strong> por meio da<strong> Secretaria Municipal de Cultura e Economia Criativa<\/strong> e da <strong>Coordenadoria do Sistema Municipal de Bibliotecas<\/strong>, encerra o m\u00eas de julho com uma s\u00e9rie de <strong>feiras gratuitas de troca e doa\u00e7\u00e3o de livros<\/strong>. As atividades, parte do programa<strong> \u201cPegue, Leve e Leia\u201d,<\/strong> acontecem a partir desta sexta-feira (25), seguindo pelo s\u00e1bado (26) e a pr\u00f3xima quinta-feira (31).<\/p>\n<p>A programa\u00e7\u00e3o \u00e9 gratuita, livre para todos e oferece uma \u00f3tima oportunidade para renovar sua leitura.<\/p>\n<p>Para conferir a programa\u00e7\u00e3o completa das bibliotecas de bairro e dos bosques e pontos de leitura, neste Dia do Escritor, al\u00e9m de outras novidades e avisos, acesse o <strong>site da <a href=\"https:\/\/prefeitura.sp.gov.br\/web\/cultura\/w\/noticias\/15242\" data-type=\"link\" data-id=\"https:\/\/prefeitura.sp.gov.br\/web\/cultura\/w\/noticias\/15242\" target=\"_blank\" rel=\"noopener nofollow\">Coordenadoria do Sistema Municipal de Bibliotecas (CSMB)<\/a><\/strong> e as redes sociais da Secretaria de Cultura e Economia Criativa. Voc\u00ea tamb\u00e9m pode consultar os acervos das bibliotecas da cidade online <a href=\"https:\/\/www.google.com\/search?q=https:\/\/bibliotecas.prefeitura.sp.gov.br\/\" target=\"_blank\" rel=\"noreferrer noopener nofollow\">aqui<\/a>.<\/p>\n<p> <\/p>\n<ul class=\"m-0 p-0\">\n<li class=\"mr-4 is-size-7\">Data: 25\/07\/2025 06:07<\/li>\n<li class=\"mr-4 is-size-7\">\n\t\t\t\t\t\t\t\t\t\tAlterado:25\/07\/2025 18:07\n\t\t\t\t\t\t\t\t\t<\/li>\n<li class=\"mr-4 is-size-7\"> Autor: Larissa Rodrigues  <\/li>\n<li class=\"mr-4 is-size-7\">Fonte: ABCdoABC<\/li>\n<\/ul>\n<p>\t\t\t\t\t\t\t<img width=\"32\" height=\"32\" src=\"https:\/\/www.europesays.com\/pt\/wp-content\/uploads\/2025\/07\/good-feedback.png\" loading=\"lazy\" data-count-lazy=\"9\" fetchpriority=\"high\" decoding=\"async\" alt=\"RECOMENDADOS\"\/><\/p>\n","protected":false},"excerpt":{"rendered":"Neste Dia do Escritor, 25 de julho, somos convidados a uma reflex\u00e3o importante: quando foi a \u00faltima vez&hellip;\n","protected":false},"author":2,"featured_media":2078,"comment_status":"","ping_status":"","sticky":false,"template":"","format":"standard","meta":{"footnotes":""},"categories":[143],"tags":[169,114,115,170,32,33],"class_list":{"0":"post-2077","1":"post","2":"type-post","3":"status-publish","4":"format-standard","5":"has-post-thumbnail","7":"category-livros","8":"tag-books","9":"tag-entertainment","10":"tag-entretenimento","11":"tag-livros","12":"tag-portugal","13":"tag-pt"},"share_on_mastodon":{"url":"","error":""},"_links":{"self":[{"href":"https:\/\/www.europesays.com\/pt\/wp-json\/wp\/v2\/posts\/2077","targetHints":{"allow":["GET"]}}],"collection":[{"href":"https:\/\/www.europesays.com\/pt\/wp-json\/wp\/v2\/posts"}],"about":[{"href":"https:\/\/www.europesays.com\/pt\/wp-json\/wp\/v2\/types\/post"}],"author":[{"embeddable":true,"href":"https:\/\/www.europesays.com\/pt\/wp-json\/wp\/v2\/users\/2"}],"replies":[{"embeddable":true,"href":"https:\/\/www.europesays.com\/pt\/wp-json\/wp\/v2\/comments?post=2077"}],"version-history":[{"count":0,"href":"https:\/\/www.europesays.com\/pt\/wp-json\/wp\/v2\/posts\/2077\/revisions"}],"wp:featuredmedia":[{"embeddable":true,"href":"https:\/\/www.europesays.com\/pt\/wp-json\/wp\/v2\/media\/2078"}],"wp:attachment":[{"href":"https:\/\/www.europesays.com\/pt\/wp-json\/wp\/v2\/media?parent=2077"}],"wp:term":[{"taxonomy":"category","embeddable":true,"href":"https:\/\/www.europesays.com\/pt\/wp-json\/wp\/v2\/categories?post=2077"},{"taxonomy":"post_tag","embeddable":true,"href":"https:\/\/www.europesays.com\/pt\/wp-json\/wp\/v2\/tags?post=2077"}],"curies":[{"name":"wp","href":"https:\/\/api.w.org\/{rel}","templated":true}]}}