{"id":207703,"date":"2025-12-30T10:42:14","date_gmt":"2025-12-30T10:42:14","guid":{"rendered":"https:\/\/www.europesays.com\/pt\/207703\/"},"modified":"2025-12-30T10:42:14","modified_gmt":"2025-12-30T10:42:14","slug":"causa-da-morte-do-pai-de-elaine-mickely-e-revelada","status":"publish","type":"post","link":"https:\/\/www.europesays.com\/pt\/207703\/","title":{"rendered":"Causa da morte do pai de Elaine Mickely \u00e9 revelada"},"content":{"rendered":"<p>A modelo <strong>Elaine Mickely<\/strong>, que \u00e9 esposa do apresentador <strong>Cesar Filho<\/strong>, comoveu ao revelar qual foi a causa da morte do seu pai, <strong>Manoel Batista de Lima<\/strong>. Ele morreu aos 74 anos de idade no dia 19 de dezembro de 2025.<\/p>\n<p>Em um v\u00eddeo nas redes sociais, a filha contou que o pai morreu em decorr\u00eancia de um infarto. O cora\u00e7\u00e3o dele n\u00e3o resistiu ao infarto e ele veio \u00e0 \u00f3bito. \u201cEle sofreu um infarto. Em decorr\u00eancia desse infarto, ele n\u00e3o resistiu, seu cora\u00e7\u00e3ozinho n\u00e3o aguentou. Ent\u00e3o, sim, foi muito, muito r\u00e1pido pra gente e pr\u00f3ximo dessas festas de Natal, que a gente fica mais sensibilizado ainda\u201c, afirmou ela.<\/p>\n<p> O desabafo <\/p>\n<p>Em seu v\u00eddeo, Elaine Mickely reapareceu na internet depois de anunciar a morte do pai publicamente e contou sobre o per\u00edodo longe da m\u00eddia depois de perder o seu ente querido. \u201cDemorei um pouquinho para passar aqui porque voc\u00eas sabem que eu passei por dias muito, muito dif\u00edceis. Talvez os dias mais dif\u00edceis de nossas vidas. E justamente eu n\u00e3o tava vindo aqui porque eu achava que eu n\u00e3o ia conseguir falar. E de fato est\u00e1 dif\u00edcil porque \u00e9 a primeira vez que eu venho aqui comunicar para voc\u00eas e na verdade compartilhar com voc\u00eas que tem 10 dias que eu perdi o meu pai\u201d, disse ela.<\/p>\n<p>Ent\u00e3o, ela exaltou a vida do pai enquanto esteve por aqui. \u201cO meu pai que era uma pessoa extremamente generosa, amiga, companheiro e uma pessoa que por onde ele passava, ele fazia o bem e sempre quis transbordar o bem na vida das pessoas. E meu pai me ensinou a ser quem eu sou. Parte de quem eu sou vem dele, do car\u00e1ter, vem do posicionamento, vem da postura e at\u00e9 aquela minha alegria genu\u00edna, onde as pessoas sempre me elogiaram e falaram: \u201cElaine, que alegria gostosa\u201d. Veio tamb\u00e9m muito uma parte grande do meu pai, do comportamento dele, de como ele era, do sorriso, da alegria, de como ele tratava os filhos, genro, nora, sogro, os amigos. O que eu mais ouvi no momento da cerim\u00f4nia dele foi: \u201cO qu\u00e3o o seu pai era maravilhoso, o qu\u00e3o o seu pai transbordava o amor na vida das pessoas. O qu\u00e3o seu pai era a pessoa mais generosa que eu j\u00e1 vi na vida\u2019. E eu assinei embaixo porque era mesmo\u201d, afirmou.<\/p>\n<p>\u201cEnt\u00e3o fica uma lacuna, fica uma dor, fica um buraco, fica um questionamento, um entendimento de tudo isso, de acontecer de uma maneira t\u00e3o repentina que muitos me perguntaram. Ele sofreu um infarto. Muito obrigada a cada uma das mensagens que eu recebi aqui e que eu n\u00e3o consegui responder, com meu carinho, com o meu amor, mas eu li. E uma delas foi de que nesse momento voc\u00ea tem que se imaginar como se voc\u00ea tivesse na beira do mar e que voc\u00ea tivesse recebendo ondas e ondas fortes. E essa ondas \u00e0s vezes v\u00e3o te derrubar. \u00c0s vezes essas ondas elas v\u00e3o te deixar fraca, v\u00e3o te realmente te colocar ali para baixo da \u00e1gua. Mas voc\u00ea precisa sobreviver a esse momento. Voc\u00ea precisa levantar, voc\u00ea precisa se reerguer, voc\u00ea precisa se sustentar da presen\u00e7a de Deus. E sim, nesses nesse momento, somente Deus que est\u00e1 nos sustentando, est\u00e1 alimentando o nosso esp\u00edrito, est\u00e1 fortalecendo o nosso esp\u00edrito. Eu tenho certeza que o Esp\u00edrito Santo de Deus continuar\u00e1 fortalecendo, continuar\u00e1 fortalecendo, sustentando, alimentando n\u00e3o s\u00f3 a mim, como a minha m\u00e3e, os meus irm\u00e3os, os familiares, os netos, genros, amigos e todos aqueles que tinham uma admira\u00e7\u00e3o, um respeito, um amor e uma gratid\u00e3o pelo meu pai\u201d, declarou.<\/p>\n<p>\u201cEu venho finalizar aqui dizendo que sim, estou me reerguendo, estou respirando, aprendendo a respirar novamente, aprendendo e tentando sorrir de uma maneira verdadeira e leve novamente, mas com muita gratid\u00e3o. Gratid\u00e3o a tudo que meu pai p\u00f4de proporcionar para mim, para meus irm\u00e3os, da maneira como ele sabia de acordo com as condi\u00e7\u00f5es dele em todos em todos os sentidos culturais, f\u00edsicos, materiais, em todos os sentidos. Ent\u00e3o, muito obrigado, Senhor, por ter me proporcionado um pai e uma viv\u00eancia de 45 anos com melhor pai que eu e meus irm\u00e3os poder\u00edamos ter. Obrigada. S\u00f3 tenho gratid\u00e3o por tudo que vivemos e \u00e9 isso que eu vou ficar na minha mente, a gratid\u00e3o dos momentos que tivemos com ele e do presente que o papai do c\u00e9u nos deu de viver tantos anos com meu pai\u201d, finalizou.<\/p>\n<blockquote class=\"instagram-media\" style=\"background: #FFF; border: 0; border-radius: 3px; box-shadow: 0 0 1px 0 rgba(0,0,0,0.5),0 1px 10px 0 rgba(0,0,0,0.15); margin: 1px; max-width: 540px; min-width: 326px; padding: 0; width: calc(100% - 2px);\" data-instgrm-captioned=\"\" data-instgrm-permalink=\"https:\/\/www.instagram.com\/reel\/DS2mUU1DbN_\/?utm_source=ig_embed&amp;utm_campaign=loading\" data-instgrm-version=\"14\"><\/blockquote>\n<p>        <a href=\"https:\/\/caras.com.br\/autor\/priscilla-comoti\" rel=\"nofollow noopener\" target=\"_blank\">&#13;<br \/>\n          <img loading=\"lazy\" alt=\"Priscilla Comoti\" src=\"https:\/\/www.europesays.com\/pt\/wp-content\/uploads\/2025\/12\/1767091334_353_e53883bdf02c542f6517b68879e8cb08b27a1d55c4dfd53577e47d3ab6331a06.png\"  class=\"avatar avatar-115 photo rounded-circle mr-3\" height=\"115\" width=\"115\" decoding=\"async\"\/>        <\/a><\/p>\n<p>Priscilla Comoti \u00e9 editora de conte\u00fado do site CARAS. Ela \u00e9 formada em jornalismo e em audiovisual, j\u00e1 passou pelos sites Contigo!, Minha Novela, TiTiTi, Mais Novela e Portal M\u00e1rcia Piovesan. Escreve sobre celebridades, not\u00edcias sobre a fam\u00edlia real brit\u00e2nica, TV, reality show e novelas.<\/p>\n<p>\t                                            <script async src=\"\/\/www.instagram.com\/embed.js\"><\/script><\/p>\n","protected":false},"excerpt":{"rendered":"A modelo Elaine Mickely, que \u00e9 esposa do apresentador Cesar Filho, comoveu ao revelar qual foi a causa&hellip;\n","protected":false},"author":2,"featured_media":207704,"comment_status":"","ping_status":"","sticky":false,"template":"","format":"standard","meta":{"footnotes":""},"categories":[145],"tags":[211,210,39121,114,115,32,33],"class_list":{"0":"post-207703","1":"post","2":"type-post","3":"status-publish","4":"format-standard","5":"has-post-thumbnail","7":"category-celebridades","8":"tag-celebridades","9":"tag-celebrities","10":"tag-elaine-mickely","11":"tag-entertainment","12":"tag-entretenimento","13":"tag-portugal","14":"tag-pt"},"share_on_mastodon":{"url":"https:\/\/pubeurope.com\/@pt\/115808104790649307","error":""},"_links":{"self":[{"href":"https:\/\/www.europesays.com\/pt\/wp-json\/wp\/v2\/posts\/207703","targetHints":{"allow":["GET"]}}],"collection":[{"href":"https:\/\/www.europesays.com\/pt\/wp-json\/wp\/v2\/posts"}],"about":[{"href":"https:\/\/www.europesays.com\/pt\/wp-json\/wp\/v2\/types\/post"}],"author":[{"embeddable":true,"href":"https:\/\/www.europesays.com\/pt\/wp-json\/wp\/v2\/users\/2"}],"replies":[{"embeddable":true,"href":"https:\/\/www.europesays.com\/pt\/wp-json\/wp\/v2\/comments?post=207703"}],"version-history":[{"count":0,"href":"https:\/\/www.europesays.com\/pt\/wp-json\/wp\/v2\/posts\/207703\/revisions"}],"wp:featuredmedia":[{"embeddable":true,"href":"https:\/\/www.europesays.com\/pt\/wp-json\/wp\/v2\/media\/207704"}],"wp:attachment":[{"href":"https:\/\/www.europesays.com\/pt\/wp-json\/wp\/v2\/media?parent=207703"}],"wp:term":[{"taxonomy":"category","embeddable":true,"href":"https:\/\/www.europesays.com\/pt\/wp-json\/wp\/v2\/categories?post=207703"},{"taxonomy":"post_tag","embeddable":true,"href":"https:\/\/www.europesays.com\/pt\/wp-json\/wp\/v2\/tags?post=207703"}],"curies":[{"name":"wp","href":"https:\/\/api.w.org\/{rel}","templated":true}]}}