{"id":207715,"date":"2025-12-30T10:54:44","date_gmt":"2025-12-30T10:54:44","guid":{"rendered":"https:\/\/www.europesays.com\/pt\/207715\/"},"modified":"2025-12-30T10:54:44","modified_gmt":"2025-12-30T10:54:44","slug":"cerca-de-15-milhoes-de-trabalhadores-ganham-ate-920-euros-seguranca-social","status":"publish","type":"post","link":"https:\/\/www.europesays.com\/pt\/207715\/","title":{"rendered":"Cerca de 1,5 milh\u00f5es de trabalhadores ganham at\u00e9 920 euros &#8211; Seguran\u00e7a Social"},"content":{"rendered":"<p class=\"\">&#13;<br \/>\n        Apesar das subidas dos \u00faltimos anos o atual sal\u00e1rio m\u00ednimo nacional de 870 euros continua a abranger pouco mais de um quinto dos trabalhadores (20,5%) e a evolu\u00e7\u00e3o deste peso vai depender da evolu\u00e7\u00e3o das remunera\u00e7\u00f5es, num pa\u00eds com uma estrutura salarial baixa. Dados da Seguran\u00e7a Social solicitados pelo Neg\u00f3cios ao Minist\u00e9rio do Trabalho (MTSSS) mostram que <b>cerca de 1,5 milh\u00f5es de trabalhadores recebiam, no segundo trimestre deste ano, um valor de remunera\u00e7\u00e3o-base inferior a 920 euros por m\u00eas<\/b>, ou em linha com este valor \u2013 que ser\u00e1 o pr\u00f3ximo sal\u00e1rio m\u00ednimo nacional \u2013 o que representa mais de um ter\u00e7o do total.&#13;\n    <\/p>\n","protected":false},"excerpt":{"rendered":"&#13; Apesar das subidas dos \u00faltimos anos o atual sal\u00e1rio m\u00ednimo nacional de 870 euros continua a abranger&hellip;\n","protected":false},"author":2,"featured_media":207716,"comment_status":"","ping_status":"","sticky":false,"template":"","format":"standard","meta":{"footnotes":""},"categories":[10],"tags":[27,28,15,16,14,25,26,21,22,40903,12,13,19,20,32,23,24,33,40619,915,17,18,29,30,31],"class_list":{"0":"post-207715","1":"post","2":"type-post","3":"status-publish","4":"format-standard","5":"has-post-thumbnail","7":"category-portugal","8":"tag-breaking-news","9":"tag-breakingnews","10":"tag-featured-news","11":"tag-featurednews","12":"tag-headlines","13":"tag-latest-news","14":"tag-latestnews","15":"tag-main-news","16":"tag-mainnews","17":"tag-ministerio-do-trabalho-e-emprego","18":"tag-news","19":"tag-noticias","20":"tag-noticias-principais","21":"tag-noticiasprincipais","22":"tag-portugal","23":"tag-principais-noticias","24":"tag-principaisnoticias","25":"tag-pt","26":"tag-salarios-e-beneficios","27":"tag-seguranca-social","28":"tag-top-stories","29":"tag-topstories","30":"tag-ultimas","31":"tag-ultimas-noticias","32":"tag-ultimasnoticias"},"share_on_mastodon":{"url":"https:\/\/pubeurope.com\/@pt\/115808152060021329","error":""},"_links":{"self":[{"href":"https:\/\/www.europesays.com\/pt\/wp-json\/wp\/v2\/posts\/207715","targetHints":{"allow":["GET"]}}],"collection":[{"href":"https:\/\/www.europesays.com\/pt\/wp-json\/wp\/v2\/posts"}],"about":[{"href":"https:\/\/www.europesays.com\/pt\/wp-json\/wp\/v2\/types\/post"}],"author":[{"embeddable":true,"href":"https:\/\/www.europesays.com\/pt\/wp-json\/wp\/v2\/users\/2"}],"replies":[{"embeddable":true,"href":"https:\/\/www.europesays.com\/pt\/wp-json\/wp\/v2\/comments?post=207715"}],"version-history":[{"count":0,"href":"https:\/\/www.europesays.com\/pt\/wp-json\/wp\/v2\/posts\/207715\/revisions"}],"wp:featuredmedia":[{"embeddable":true,"href":"https:\/\/www.europesays.com\/pt\/wp-json\/wp\/v2\/media\/207716"}],"wp:attachment":[{"href":"https:\/\/www.europesays.com\/pt\/wp-json\/wp\/v2\/media?parent=207715"}],"wp:term":[{"taxonomy":"category","embeddable":true,"href":"https:\/\/www.europesays.com\/pt\/wp-json\/wp\/v2\/categories?post=207715"},{"taxonomy":"post_tag","embeddable":true,"href":"https:\/\/www.europesays.com\/pt\/wp-json\/wp\/v2\/tags?post=207715"}],"curies":[{"name":"wp","href":"https:\/\/api.w.org\/{rel}","templated":true}]}}