{"id":207733,"date":"2025-12-30T11:08:13","date_gmt":"2025-12-30T11:08:13","guid":{"rendered":"https:\/\/www.europesays.com\/pt\/207733\/"},"modified":"2025-12-30T11:08:13","modified_gmt":"2025-12-30T11:08:13","slug":"plano-de-acao-da-estrategia-digital-nacional-aprovada-mil-milhoes-de-euros","status":"publish","type":"post","link":"https:\/\/www.europesays.com\/pt\/207733\/","title":{"rendered":"Plano de A\u00e7\u00e3o da Estrat\u00e9gia Digital Nacional aprovada! Mil milh\u00f5es de euros"},"content":{"rendered":"<p>O Governo aprovou o Plano de A\u00e7\u00e3o da Estrat\u00e9gia Digital Nacional 2026-2027, atrav\u00e9s da Resolu\u00e7\u00e3o do Conselho de Ministros n.\u00ba 214\/2025, definindo as principais medidas para acelerar a transforma\u00e7\u00e3o digital em Portugal nos pr\u00f3ximos dois anos.<\/p>\n<p><a target=\"_blank\" href=\"https:\/\/pplware.sapo.pt\/wp-content\/uploads\/2025\/10\/gov_a00.webp\" rel=\"nofollow noopener\"><img fetchpriority=\"high\" decoding=\"async\" src=\"https:\/\/www.europesays.com\/pt\/wp-content\/uploads\/2025\/12\/gov_a00-720x405.webp.webp\" alt=\"A\u00e7\u00e3o da Estrat\u00e9gia Digital Nacional aprovada! Mil milh\u00f5es de euros\" width=\"720\" height=\"405\" class=\"aligncenter wp-image-1085162 size-medium\"  \/><\/a><\/p>\n<p>O investimento total da Estrat\u00e9gia Digital Nacional, Agenda Nacional de Intelig\u00eancia Artificial e Pacto para as Compet\u00eancias Digitais \u00e9 de <strong>mil milh\u00f5es de euros.<\/strong><\/p>\n<p>O plano aposta no <strong>refor\u00e7o das compet\u00eancias digitais<\/strong>, na <strong>digitaliza\u00e7\u00e3o das PME<\/strong>, na <strong>moderniza\u00e7\u00e3o dos servi\u00e7os p\u00fablicos digitais<\/strong> e no<strong> desenvolvimento de infraestruturas tecnol\u00f3gicas seguras<\/strong>, alinhadas com os objetivos europeus para a D\u00e9cada Digital 2030.<\/p>\n<p><a target=\"_blank\" href=\"https:\/\/pplware.sapo.pt\/wp-content\/uploads\/2025\/03\/inteligencia_artificial_robo.jpg\" onclick=\"refreshIframe()\" class=\"foobox\" rel=\"nofollow noopener\"><img loading=\"lazy\" decoding=\"async\" src=\"https:\/\/www.europesays.com\/pt\/wp-content\/uploads\/2025\/08\/inteligencia_artificial_robo-720x405.jpg\" alt=\"A\u00e7\u00e3o da Estrat\u00e9gia Digital Nacional aprovada! Mil milh\u00f5es de euros\" width=\"720\" height=\"405\" class=\"aligncenter wp-image-1050347 size-medium\"  \/><\/a><\/p>\n<p>Entre as prioridades est\u00e3o a <strong>expans\u00e3o do ecossistema gov.pt<\/strong>, a <strong>cria\u00e7\u00e3o da Carteira Digital da Empresa<\/strong>, o <strong>apoio \u00e0 ado\u00e7\u00e3o de tecnologias como cloud e intelig\u00eancia artificial e a melhoria da conectividade digital<\/strong>.<\/p>\n<p>O Governo garante ainda mecanismos de acompanhamento e transpar\u00eancia, com publica\u00e7\u00e3o regular dos resultados, para assegurar a execu\u00e7\u00e3o efetiva do plano. Saber mais <a target=\"_blank\" href=\"https:\/\/diariodarepublica.pt\/dr\/detalhe\/resolucao-conselho-ministros\/214-2025-992879810\" rel=\"nofollow noopener\">aqui<\/a>.<\/p>\n","protected":false},"excerpt":{"rendered":"O Governo aprovou o Plano de A\u00e7\u00e3o da Estrat\u00e9gia Digital Nacional 2026-2027, atrav\u00e9s da Resolu\u00e7\u00e3o do Conselho de&hellip;\n","protected":false},"author":2,"featured_media":207734,"comment_status":"","ping_status":"","sticky":false,"template":"","format":"standard","meta":{"footnotes":""},"categories":[10],"tags":[27,28,8583,40905,15,16,14,25,26,21,22,12,13,19,20,32,23,24,33,17,18,29,30,31],"class_list":{"0":"post-207733","1":"post","2":"type-post","3":"status-publish","4":"format-standard","5":"has-post-thumbnail","7":"category-portugal","8":"tag-breaking-news","9":"tag-breakingnews","10":"tag-digital","11":"tag-estrategia-digital-nacional","12":"tag-featured-news","13":"tag-featurednews","14":"tag-headlines","15":"tag-latest-news","16":"tag-latestnews","17":"tag-main-news","18":"tag-mainnews","19":"tag-news","20":"tag-noticias","21":"tag-noticias-principais","22":"tag-noticiasprincipais","23":"tag-portugal","24":"tag-principais-noticias","25":"tag-principaisnoticias","26":"tag-pt","27":"tag-top-stories","28":"tag-topstories","29":"tag-ultimas","30":"tag-ultimas-noticias","31":"tag-ultimasnoticias"},"share_on_mastodon":{"url":"https:\/\/pubeurope.com\/@pt\/115808207121415466","error":""},"_links":{"self":[{"href":"https:\/\/www.europesays.com\/pt\/wp-json\/wp\/v2\/posts\/207733","targetHints":{"allow":["GET"]}}],"collection":[{"href":"https:\/\/www.europesays.com\/pt\/wp-json\/wp\/v2\/posts"}],"about":[{"href":"https:\/\/www.europesays.com\/pt\/wp-json\/wp\/v2\/types\/post"}],"author":[{"embeddable":true,"href":"https:\/\/www.europesays.com\/pt\/wp-json\/wp\/v2\/users\/2"}],"replies":[{"embeddable":true,"href":"https:\/\/www.europesays.com\/pt\/wp-json\/wp\/v2\/comments?post=207733"}],"version-history":[{"count":0,"href":"https:\/\/www.europesays.com\/pt\/wp-json\/wp\/v2\/posts\/207733\/revisions"}],"wp:featuredmedia":[{"embeddable":true,"href":"https:\/\/www.europesays.com\/pt\/wp-json\/wp\/v2\/media\/207734"}],"wp:attachment":[{"href":"https:\/\/www.europesays.com\/pt\/wp-json\/wp\/v2\/media?parent=207733"}],"wp:term":[{"taxonomy":"category","embeddable":true,"href":"https:\/\/www.europesays.com\/pt\/wp-json\/wp\/v2\/categories?post=207733"},{"taxonomy":"post_tag","embeddable":true,"href":"https:\/\/www.europesays.com\/pt\/wp-json\/wp\/v2\/tags?post=207733"}],"curies":[{"name":"wp","href":"https:\/\/api.w.org\/{rel}","templated":true}]}}