{"id":207741,"date":"2025-12-30T11:16:08","date_gmt":"2025-12-30T11:16:08","guid":{"rendered":"https:\/\/www.europesays.com\/pt\/207741\/"},"modified":"2025-12-30T11:16:08","modified_gmt":"2025-12-30T11:16:08","slug":"geny-catamo-falha-mais-dois-jogos-pelo-sporting","status":"publish","type":"post","link":"https:\/\/www.europesays.com\/pt\/207741\/","title":{"rendered":"Geny Catamo falha mais dois jogos pelo Sporting"},"content":{"rendered":"<p>&#8211; Advertisement &#8211;<\/p>\n<p><strong>Geny Catamo j\u00e1 sabe que n\u00e3o vai estar nos pr\u00f3ximos jogos do Sporting frente ao Santa Clara e frente ao Vit\u00f3ria SC. O apuramento de Mo\u00e7ambique na CAN vai estender a aus\u00eancia do avan\u00e7ado.<\/strong><\/p>\n<p>Geny Catamo vai falhar, pelo menos, os pr\u00f3ximos dois jogos do Sporting. O <a href=\"https:\/\/bolanarede.pt\/especial-bola-na-rede\/atualidade\/historico-mocambique-garante-apuramento-para-os-oitavos-de-final-da-can-2025\/\" target=\"_blank\" rel=\"noreferrer noopener nofollow\">apuramento de Mo\u00e7ambique<\/a> para os oitavos de final da CAN 2025 deixou a confirma\u00e7\u00e3o de que o avan\u00e7ado de 24 anos n\u00e3o poder\u00e1 estar presente nos jogos dos le\u00f5es frente ao Santa Clara,  no dia 2 de janeiro, e frente ao Vit\u00f3ria SC, no dia 6, para a meia-final da Ta\u00e7a da Liga.<\/p>\n<p>Para j\u00e1, este \u00e9 o cen\u00e1rio confirmado, mas a aus\u00eancia de Geny Catamo pode prolongar-se por mais jogos, dependendo do destino de Mo\u00e7ambique na CAN 2025.<\/p>\n<p>A equipa africana vai jogar no dia 31 frente aos Camar\u00f5es o terceiro encontro da fase de grupos da prova, depois de ter somado uma derrota e uma vit\u00f3ria nos dois primeiros encontros. Geny Catamo tem um golo e uma assist\u00eancia na prova.<\/p>\n","protected":false},"excerpt":{"rendered":"&#8211; Advertisement &#8211; Geny Catamo j\u00e1 sabe que n\u00e3o vai estar nos pr\u00f3ximos jogos do Sporting frente ao&hellip;\n","protected":false},"author":2,"featured_media":207742,"comment_status":"","ping_status":"","sticky":false,"template":"","format":"standard","meta":{"footnotes":""},"categories":[87],"tags":[260,135,9010,2715,32,479,33,34,134],"class_list":{"0":"post-207741","1":"post","2":"type-post","3":"status-publish","4":"format-standard","5":"has-post-thumbnail","7":"category-desporto","8":"tag-atualidade","9":"tag-desporto","10":"tag-geny-catamo","11":"tag-mocambique","12":"tag-portugal","13":"tag-primeira-liga","14":"tag-pt","15":"tag-sporting","16":"tag-sports"},"share_on_mastodon":{"url":"https:\/\/pubeurope.com\/@pt\/115808238494945948","error":""},"_links":{"self":[{"href":"https:\/\/www.europesays.com\/pt\/wp-json\/wp\/v2\/posts\/207741","targetHints":{"allow":["GET"]}}],"collection":[{"href":"https:\/\/www.europesays.com\/pt\/wp-json\/wp\/v2\/posts"}],"about":[{"href":"https:\/\/www.europesays.com\/pt\/wp-json\/wp\/v2\/types\/post"}],"author":[{"embeddable":true,"href":"https:\/\/www.europesays.com\/pt\/wp-json\/wp\/v2\/users\/2"}],"replies":[{"embeddable":true,"href":"https:\/\/www.europesays.com\/pt\/wp-json\/wp\/v2\/comments?post=207741"}],"version-history":[{"count":0,"href":"https:\/\/www.europesays.com\/pt\/wp-json\/wp\/v2\/posts\/207741\/revisions"}],"wp:featuredmedia":[{"embeddable":true,"href":"https:\/\/www.europesays.com\/pt\/wp-json\/wp\/v2\/media\/207742"}],"wp:attachment":[{"href":"https:\/\/www.europesays.com\/pt\/wp-json\/wp\/v2\/media?parent=207741"}],"wp:term":[{"taxonomy":"category","embeddable":true,"href":"https:\/\/www.europesays.com\/pt\/wp-json\/wp\/v2\/categories?post=207741"},{"taxonomy":"post_tag","embeddable":true,"href":"https:\/\/www.europesays.com\/pt\/wp-json\/wp\/v2\/tags?post=207741"}],"curies":[{"name":"wp","href":"https:\/\/api.w.org\/{rel}","templated":true}]}}