{"id":207749,"date":"2025-12-30T11:22:07","date_gmt":"2025-12-30T11:22:07","guid":{"rendered":"https:\/\/www.europesays.com\/pt\/207749\/"},"modified":"2025-12-30T11:22:07","modified_gmt":"2025-12-30T11:22:07","slug":"fizeram-puxadas-de-poste-de-eletricidade-e-abriram-buraco-na-estrada-quatro-homens-detidos","status":"publish","type":"post","link":"https:\/\/www.europesays.com\/pt\/207749\/","title":{"rendered":"Fizeram puxadas de poste de eletricidade e abriram buraco na estrada. Quatro homens detidos"},"content":{"rendered":"<p>\t                Den\u00fancia levou a GNR ao Monte da Caparica, em Almada<\/p>\n<p style=\"margin-bottom:11px\">Quatro homens, entre os 27 e os 49 anos, foram detidos, na \u00faltima sexta-feira, por atentado \u00e0 seguran\u00e7a de transporte rodovi\u00e1rio, avan\u00e7ou a GNR esta ter\u00e7a-feira. <\/p>\n<p style=\"margin-bottom:11px\">De acordo com comunicado enviado \u00e0s reda\u00e7\u00f5es, o Comando Territorial de Set\u00fabal da GNR, atrav\u00e9s do Posto Territorial da Trafaria, recebeu uma den\u00fancia de que quatro indiv\u00edduos estariam a danificar a via p\u00fablica, na localidade do Monte da Caparica, no concelho de Almada.<\/p>\n<p style=\"margin-bottom:11px\">Os militares da GNR deslocaram-se rapidamente para o local, onde constataram que os suspeitos estariam a realizar uma liga\u00e7\u00e3o direta de um poste de ilumina\u00e7\u00e3o p\u00fablica, com o prop\u00f3sito de garantir a ilumina\u00e7\u00e3o das suas resid\u00eancias. E tinham feito um buraco na faixa de rodagem, facto que dificultava a normal circula\u00e7\u00e3o rodovi\u00e1ria. <\/p>\n<p style=\"margin-bottom:11px\">Os quatro indiv\u00edduos foram detidos, constitu\u00eddos arguidos, e os factos foram reportados ao Tribunal ao Tribunal Judicial de Almada. Todo o material utilizado pelos suspeitos para cometer o crime foi apreendido. <\/p>\n","protected":false},"excerpt":{"rendered":"Den\u00fancia levou a GNR ao Monte da Caparica, em Almada Quatro homens, entre os 27 e os 49&hellip;\n","protected":false},"author":2,"featured_media":140387,"comment_status":"","ping_status":"","sticky":false,"template":"","format":"standard","meta":{"footnotes":""},"categories":[10],"tags":[609,836,611,27,28,607,608,333,832,604,135,610,476,15,16,2002,301,830,14,603,25,26,570,21,22,831,833,40906,62,834,12,13,19,20,835,602,52,32,23,24,33,40907,6897,17,18,29,30,31],"class_list":{"0":"post-207749","1":"post","2":"type-post","3":"status-publish","4":"format-standard","5":"has-post-thumbnail","7":"category-portugal","8":"tag-alerta","9":"tag-analise","10":"tag-ao-minuto","11":"tag-breaking-news","12":"tag-breakingnews","13":"tag-cnn","14":"tag-cnn-portugal","15":"tag-comentadores","16":"tag-costa","17":"tag-crime","18":"tag-desporto","19":"tag-direto","20":"tag-economia","21":"tag-featured-news","22":"tag-featurednews","23":"tag-gnr","24":"tag-governo","25":"tag-guerra","26":"tag-headlines","27":"tag-justica","28":"tag-latest-news","29":"tag-latestnews","30":"tag-live","31":"tag-main-news","32":"tag-mainnews","33":"tag-mais-vistas","34":"tag-marcelo","35":"tag-monte-da-caparica","36":"tag-mundo","37":"tag-negocios","38":"tag-news","39":"tag-noticias","40":"tag-noticias-principais","41":"tag-noticiasprincipais","42":"tag-opiniao","43":"tag-pais","44":"tag-politica","45":"tag-portugal","46":"tag-principais-noticias","47":"tag-principaisnoticias","48":"tag-pt","49":"tag-puxadas","50":"tag-seguranca-rodoviaria","51":"tag-top-stories","52":"tag-topstories","53":"tag-ultimas","54":"tag-ultimas-noticias","55":"tag-ultimasnoticias"},"share_on_mastodon":{"url":"","error":"Validation failed: Text character limit of 500 exceeded"},"_links":{"self":[{"href":"https:\/\/www.europesays.com\/pt\/wp-json\/wp\/v2\/posts\/207749","targetHints":{"allow":["GET"]}}],"collection":[{"href":"https:\/\/www.europesays.com\/pt\/wp-json\/wp\/v2\/posts"}],"about":[{"href":"https:\/\/www.europesays.com\/pt\/wp-json\/wp\/v2\/types\/post"}],"author":[{"embeddable":true,"href":"https:\/\/www.europesays.com\/pt\/wp-json\/wp\/v2\/users\/2"}],"replies":[{"embeddable":true,"href":"https:\/\/www.europesays.com\/pt\/wp-json\/wp\/v2\/comments?post=207749"}],"version-history":[{"count":0,"href":"https:\/\/www.europesays.com\/pt\/wp-json\/wp\/v2\/posts\/207749\/revisions"}],"wp:featuredmedia":[{"embeddable":true,"href":"https:\/\/www.europesays.com\/pt\/wp-json\/wp\/v2\/media\/140387"}],"wp:attachment":[{"href":"https:\/\/www.europesays.com\/pt\/wp-json\/wp\/v2\/media?parent=207749"}],"wp:term":[{"taxonomy":"category","embeddable":true,"href":"https:\/\/www.europesays.com\/pt\/wp-json\/wp\/v2\/categories?post=207749"},{"taxonomy":"post_tag","embeddable":true,"href":"https:\/\/www.europesays.com\/pt\/wp-json\/wp\/v2\/tags?post=207749"}],"curies":[{"name":"wp","href":"https:\/\/api.w.org\/{rel}","templated":true}]}}