{"id":207769,"date":"2025-12-30T11:36:06","date_gmt":"2025-12-30T11:36:06","guid":{"rendered":"https:\/\/www.europesays.com\/pt\/207769\/"},"modified":"2025-12-30T11:36:06","modified_gmt":"2025-12-30T11:36:06","slug":"morreu-em-despiste-quando-ia-ver-nascer-o-sol-ao-caramulo-com-amigos","status":"publish","type":"post","link":"https:\/\/www.europesays.com\/pt\/207769\/","title":{"rendered":"Morreu em despiste quando ia ver nascer o sol ao Caramulo com amigos"},"content":{"rendered":"<p data-remotead-prev-elm=\"true\" data-remotead-elm-id=\"inread\">Os restantes quatro jovens, todos mais ou menos da mesma idade, que seguiam no autom\u00f3vel, sofreram pequenas escoria\u00e7\u00f5es, tendo sido assistidos no local pelos bombeiros e INEM, que prestou apoio psicol\u00f3gico aos sobreviventes.<\/p>\n<p>O alerta para o acidente foi dado \u00e0s 6.55 horas. Na Estrada Nacional 230 (EN230), \u00e0 sa\u00edda de Bolfiar, numa curva, o BMW entrou em despiste e quando saiu da estrada embateu numas \u00e1rvores, acabando por virar, provocando les\u00f5es violentas no condutor, que teve morte imediata. O corpo do jovem foi transportado para o Instituto de Medicina Legal de Aveiro.<\/p>\n<p>Entre s\u00e1bado e segunda-feira, <a href=\"https:\/\/www.jn.pt\/nacional\/artigo\/seis-mortos-nas-estradas-e-170-detidos-por-excesso-de-alcool-em-tres-dias\/18035291\" target=\"_blank\" rel=\"nofollow noopener\">seis pessoas morreram<\/a> nas estradas portuguesas e 170 condutores foram detidos por excesso de \u00e1lcool, no \u00e2mbito das opera\u00e7\u00f5es de Natal e Ano Novo, indicaram GNR e PSP.<\/p>\n","protected":false},"excerpt":{"rendered":"Os restantes quatro jovens, todos mais ou menos da mesma idade, que seguiam no autom\u00f3vel, sofreram pequenas escoria\u00e7\u00f5es,&hellip;\n","protected":false},"author":2,"featured_media":207770,"comment_status":"","ping_status":"","sticky":false,"template":"","format":"standard","meta":{"footnotes":""},"categories":[10],"tags":[1455,27,28,36576,15,16,14,25,26,21,22,12,13,19,20,32,23,24,33,13144,17,18,29,30,31],"class_list":{"0":"post-207769","1":"post","2":"type-post","3":"status-publish","4":"format-standard","5":"has-post-thumbnail","7":"category-portugal","8":"tag-acidentes","9":"tag-breaking-news","10":"tag-breakingnews","11":"tag-concelho-agueda","12":"tag-featured-news","13":"tag-featurednews","14":"tag-headlines","15":"tag-latest-news","16":"tag-latestnews","17":"tag-main-news","18":"tag-mainnews","19":"tag-news","20":"tag-noticias","21":"tag-noticias-principais","22":"tag-noticiasprincipais","23":"tag-portugal","24":"tag-principais-noticias","25":"tag-principaisnoticias","26":"tag-pt","27":"tag-sinistralidade","28":"tag-top-stories","29":"tag-topstories","30":"tag-ultimas","31":"tag-ultimas-noticias","32":"tag-ultimasnoticias"},"share_on_mastodon":{"url":"https:\/\/pubeurope.com\/@pt\/115808318101962949","error":""},"_links":{"self":[{"href":"https:\/\/www.europesays.com\/pt\/wp-json\/wp\/v2\/posts\/207769","targetHints":{"allow":["GET"]}}],"collection":[{"href":"https:\/\/www.europesays.com\/pt\/wp-json\/wp\/v2\/posts"}],"about":[{"href":"https:\/\/www.europesays.com\/pt\/wp-json\/wp\/v2\/types\/post"}],"author":[{"embeddable":true,"href":"https:\/\/www.europesays.com\/pt\/wp-json\/wp\/v2\/users\/2"}],"replies":[{"embeddable":true,"href":"https:\/\/www.europesays.com\/pt\/wp-json\/wp\/v2\/comments?post=207769"}],"version-history":[{"count":0,"href":"https:\/\/www.europesays.com\/pt\/wp-json\/wp\/v2\/posts\/207769\/revisions"}],"wp:featuredmedia":[{"embeddable":true,"href":"https:\/\/www.europesays.com\/pt\/wp-json\/wp\/v2\/media\/207770"}],"wp:attachment":[{"href":"https:\/\/www.europesays.com\/pt\/wp-json\/wp\/v2\/media?parent=207769"}],"wp:term":[{"taxonomy":"category","embeddable":true,"href":"https:\/\/www.europesays.com\/pt\/wp-json\/wp\/v2\/categories?post=207769"},{"taxonomy":"post_tag","embeddable":true,"href":"https:\/\/www.europesays.com\/pt\/wp-json\/wp\/v2\/tags?post=207769"}],"curies":[{"name":"wp","href":"https:\/\/api.w.org\/{rel}","templated":true}]}}