{"id":20777,"date":"2025-08-08T06:56:20","date_gmt":"2025-08-08T06:56:20","guid":{"rendered":"https:\/\/www.europesays.com\/pt\/20777\/"},"modified":"2025-08-08T06:56:20","modified_gmt":"2025-08-08T06:56:20","slug":"musicoterapia-e-tao-eficaz-quanto-opioides-no-alivio-da-dor","status":"publish","type":"post","link":"https:\/\/www.europesays.com\/pt\/20777\/","title":{"rendered":"Musicoterapia \u00e9 t\u00e3o eficaz quanto opioides no al\u00edvio da dor"},"content":{"rendered":"\n<p>O tango, uma dan\u00e7a r\u00edtmica entre parceiros que melhora o equil\u00edbrio e a coordena\u00e7\u00e3o, pode ajudar a aliviar os sintomas da doen\u00e7a de Parkinson. O canto em coral, que combina treinamento vocal e intera\u00e7\u00e3o social, pode reduzir a depress\u00e3o em indiv\u00edduos com dem\u00eancia. Foi demonstrado que a musicoterapia auxilia na recupera\u00e7\u00e3o do acidente vascular cerebral (AVC) ao melhorar os dist\u00farbios da fala.<\/p>\n<p>Muitas unidades de sa\u00fade na Alemanha incorporaram a musicoterapia para abordar problemas de sa\u00fade f\u00edsica e mental. \u201c<a href=\"https:\/\/www.musiktherapie.de\/blog\/berufspolitik\/2025\/07\/pressemeldung-experten-fordern-ambulante-erstattung-der-musiktherapie\/\" target=\"_blank\" rel=\"nofollow noopener\">Existem boas evid\u00eancias de efic\u00e1cia<\/a>\u201d, disse o Dr. Lutz Neugebauer, Ph.D., presidente da German Music Therapy Society e um dos organizadores do <a href=\"https:\/\/www.musiktherapie.de\/blog\/berufspolitik\/2025\/07\/pressemeldung-experten-fordern-ambulante-erstattung-der-musiktherapie\" target=\"_blank\" rel=\"nofollow noopener\">13\u00ba Congresso Europeu de Musicoterapia,<\/a> com o tema \u201cBridges\u201d, durante uma entrevista on-line \u00e0 imprensa.<\/p>\n<p>Ele observou que, desde a \u00faltima vez que a Alemanha organizou um congresso internacional de musicoterapia em 1996, quase 9.000 artigos relacionados ao tema foram publicados no PubMed, entre os quais 1.500 estudos controlados randomizados e 360 revis\u00f5es sistem\u00e1ticas com metan\u00e1lise.<\/p>\n<p> <a href=\"https:\/\/register.awmf.org\/de\/leitlinien\/detail\/038-013\" target=\"_blank\" rel=\"nofollow noopener\">As diretrizes cl\u00ednicas da Alemanha sobre dem\u00eancia,<\/a> que refletem recomenda\u00e7\u00f5es m\u00e9dicas baseadas em evid\u00eancias do mais alto n\u00edvel, endossam a musicoterapia para aliviar sinais e sintomas como ansiedade, inquieta\u00e7\u00e3o e apatia. A musicoterapia tamb\u00e9m est\u00e1 presente em 37 diretrizes cl\u00ednicas nacionais na Alemanha, publicadas pela Association of Scientific Medical Societies, 29 das quais seguem o mais alto padr\u00e3o do pa\u00eds para cuidados baseados em evid\u00eancias.<\/p>\n<p>\u201cExiste uma variedade de evid\u00eancias impressionante\u201d, disse a Dra. Sabine C. Koch, Ph.D., professora de pesquisa emp\u00edrica em arteterapia na Alanus University of Arts and Social Sciences, na Alemanha. Ela descreveu os quadros nos quais a musicoterapia pode complementar a psicoterapia ou farmacoterapia, aumentando sua efic\u00e1cia.<\/p>\n<p> <a href=\"https:\/\/www.researchsquare.com\/article\/rs-5961850\/v1\" target=\"_blank\" rel=\"nofollow noopener\">Uma metan\u00e1lise recente<\/a> dos efeitos de interven\u00e7\u00f5es que utilizam artes no tratamento de doen\u00e7as n\u00e3o transmiss\u00edveis incluiu 150 revis\u00f5es sistem\u00e1ticas abrangendo 3.885 estudos controlados randomizados. \u201cOs resultados respaldam particularmente a terapia com m\u00fasica e com dan\u00e7a\u201d, disse a Dra. Sabine.<\/p>\n<p>Os autores relataram efeitos pequenos a moderados para transtornos neurol\u00f3gicos (diferen\u00e7a m\u00e9dia padronizada [DMP] = 0,40; intervalo de confian\u00e7a [IC] de 95% de 0,30 a 0,50) e efeitos moderados para c\u00e2ncer (DMP = 0,52), doen\u00e7a cardiovascular (DMP = 0,52), transtornos mentais (DMP = 0,53) e doen\u00e7a respirat\u00f3ria cr\u00f4nica (DMP = 0,76). No entanto, a maioria dessas revis\u00f5es tinha baixa qualidade metodol\u00f3gica. Ainda assim, os autores conclu\u00edram que \u201cinterven\u00e7\u00f5es com uso de artes podem ser um complemento valioso aos tratamentos de primeira linha tradicionais\u201d.<\/p>\n<p> <b>Benef\u00edcios cl\u00ednicos<\/b> <\/p>\n<p>A musicoterapia tem sido bem estudada no contexto da <a href=\"https:\/\/pubmed.ncbi.nlm.nih.gov\/29149141\/\" target=\"_blank\" rel=\"nofollow noopener\">dor cr\u00f4nica<\/a> e do <a href=\"https:\/\/pubmed.ncbi.nlm.nih.gov\/39450934\/\" target=\"_blank\" rel=\"nofollow noopener\">controle da dor<\/a> em pacientes com c\u00e2ncer avan\u00e7ado. \u201cO efeito geral \u00e9 compar\u00e1vel ao dos opioides, mas sem efeitos colaterais indesej\u00e1veis\u201d, explicou a Dra. Sabine. A musicoterapia tamb\u00e9m melhora o sono e ajuda a reduzir a fadiga, a ansiedade e a depress\u00e3o.<\/p>\n<p>Em <a href=\"https:\/\/journals.plos.org\/plosone\/article?id=10.1371\/journal.pone.0316674\" target=\"_blank\" rel=\"nofollow noopener\">rec\u00e9m-nascidos, a musicoterapia<\/a> demonstrou melhorar a satura\u00e7\u00e3o de oxig\u00eanio, a frequ\u00eancia card\u00edaca e a respirat\u00f3ria, a dura\u00e7\u00e3o do sono, a temperatura corporal e a press\u00e3o arterial sist\u00f3lica e diast\u00f3lica. Em <a href=\"https:\/\/pubmed.ncbi.nlm.nih.gov\/31972397\/\" target=\"_blank\" rel=\"nofollow noopener\">beb\u00eas prematuros,<\/a> a interven\u00e7\u00e3o tamb\u00e9m ajuda no desenvolvimento de um c\u00e9rebro funcional. Estudos mostraram efeitos positivos na fun\u00e7\u00e3o cardiorrespirat\u00f3ria, nas pontua\u00e7\u00f5es de dor, na satura\u00e7\u00e3o de oxig\u00eanio e na dura\u00e7\u00e3o do sono, mesmo com m\u00fasica <a href=\"https:\/\/www.mdpi.com\/1660-4601\/18\/16\/8245\" target=\"_blank\" rel=\"nofollow noopener\">durante o sono.<\/a> <\/p>\n<p>\u201cA musicoterapia ajuda essas crian\u00e7as a reduzirem o estresse e a se recuperarem\u201d, disse a Dra. Sabine.<\/p>\n<p>O Dr. Lutz acrescentou que, em beb\u00eas prematuros, a musicoterapia tamb\u00e9m fortalece o v\u00ednculo entre pais e filhos, \u201cum dos principais indicadores de melhor desenvolvimento ap\u00f3s um in\u00edcio dif\u00edcil na vida\u201d. A musicoterapia ajuda no desenvolvimento da fala em crian\u00e7as com atrasos no desenvolvimento.<\/p>\n<p>\u201cA musicoterapia \u00e9 particularmente eficaz para adolescentes e adultos jovens que sofreram trauma, como viol\u00eancia dom\u00e9stica, durante migra\u00e7\u00f5es ou guerras\u201d, destacou o Dr. Lutz. \u201cEla permite a express\u00e3o al\u00e9m da palavra falada e transp\u00f5e barreiras lingu\u00edsticas.\u201d Ele acrescentou que a musicoterapia \u00e9 frequentemente a abordagem de primeira escolha para indiv\u00edduos que lutam para se comunicar atrav\u00e9s da fala, inclusive aqueles com defici\u00eancias.<\/p>\n<p> <b>Oncologia e uso paliativo<\/b> <\/p>\n<p>A Dra. Sabine relatou que a musicoterapia mostrou <a href=\"https:\/\/pubmed.ncbi.nlm.nih.gov\/40317804\/\" target=\"_blank\" rel=\"nofollow noopener\">benef\u00edcios significativos<\/a> para pessoas com c\u00e2ncer, como redu\u00e7\u00e3o da ansiedade, da depress\u00e3o, da dor, da fadiga, da frequ\u00eancia card\u00edaca e da press\u00e3o arterial. \u201cO efeito \u00e9 forte e significativo\u201d, disse ela, observando que os desfechos s\u00e3o compar\u00e1veis aos observados com a terapia cognitivo-comportamental.<\/p>\n<p>A musicoterapia promove o relaxamento e reduz a fadiga durante o tratamento paliativo. \u201cA musicoterapia \u00e9 um tratamento eficaz com baixa taxa de desist\u00eancia e melhora o bem-estar de pacientes terminais\u201d, disse a Dra. Sabine. \u201cNo tratamento da depress\u00e3o e da ansiedade, ela frequentemente corresponde \u00e0 efic\u00e1cia da terapia cognitivo-comportamental.\u201d<\/p>\n<p> <b>Barreiras de acesso<\/b> <\/p>\n<p>De acordo com o Dr. Lutz, a musicoterapia \u00e9 uma parte estabelecida dos cuidados hospitalares para ansiedade, depress\u00e3o, transtornos por uso de subst\u00e2ncias qu\u00edmicas e consequ\u00eancias do isolamento social. No entanto, a musicoterapia permanece exclu\u00edda dos reembolsos ambulatoriais dos planos de sa\u00fade.<\/p>\n<p>\u201cIsso precisa mudar urgentemente, particularmente entre grupos vulner\u00e1veis que dependem dessa terapia\u201d, disse ele.<\/p>\n<p>Apesar das fortes evid\u00eancias cient\u00edficas e da experi\u00eancia cl\u00ednica positiva, os apelos para estabelecer a musicoterapia como um servi\u00e7o ambulatorial padr\u00e3o ainda n\u00e3o foram abordados na esfera pol\u00edtica, como observou o Dr. Lutz. Um relat\u00f3rio de 2011 elaborado por Christine Bergmann, ex-comiss\u00e1ria para a investiga\u00e7\u00e3o de abuso sexual infantil, pediu que a musicoterapia ambulatorial fosse coberta pelos planos de sa\u00fade.<\/p>\n<p>Em 2019, o German Institute for Quality and Efficiency in Health Care relatou que o acesso ao tratamento ambulatorial continua desigual, e somente indiv\u00edduos de renda mais alta podem pagar por ele.<\/p>\n<p>\u201cEm um sistema de sa\u00fade que prioriza os cuidados ambulatoriais em vez dos hospitalares, o acesso \u00e0 musicoterapia deve ser garantido para todos os pacientes, inclusive em ambientes ambulatoriais, e os planos de sa\u00fade devem ser obrigados a cobrir o custo\u201d, enfatizou o Dr. Lutz.<\/p>\n<p> Este conte\u00fado foi traduzido do  <a href=\"https:\/\/deutsch.medscape.com\/artikelansicht\/4915225\" rel=\"nofollow noopener\" target=\"_blank\">Medscape <\/a> <a href=\"https:\/\/deutsch.medscape.com\/artikelansicht\/4915225\" rel=\"nofollow noopener\" target=\"_blank\"> em alem\u00e3o <\/a> <\/p>\n","protected":false},"excerpt":{"rendered":"O tango, uma dan\u00e7a r\u00edtmica entre parceiros que melhora o equil\u00edbrio e a coordena\u00e7\u00e3o, pode ajudar a aliviar&hellip;\n","protected":false},"author":2,"featured_media":20778,"comment_status":"","ping_status":"","sticky":false,"template":"","format":"standard","meta":{"footnotes":""},"categories":[86],"tags":[116,32,33,117,7592],"class_list":{"0":"post-20777","1":"post","2":"type-post","3":"status-publish","4":"format-standard","5":"has-post-thumbnail","7":"category-saude","8":"tag-health","9":"tag-portugal","10":"tag-pt","11":"tag-saude","12":"tag-tratamento-da-dor"},"share_on_mastodon":{"url":"","error":""},"_links":{"self":[{"href":"https:\/\/www.europesays.com\/pt\/wp-json\/wp\/v2\/posts\/20777","targetHints":{"allow":["GET"]}}],"collection":[{"href":"https:\/\/www.europesays.com\/pt\/wp-json\/wp\/v2\/posts"}],"about":[{"href":"https:\/\/www.europesays.com\/pt\/wp-json\/wp\/v2\/types\/post"}],"author":[{"embeddable":true,"href":"https:\/\/www.europesays.com\/pt\/wp-json\/wp\/v2\/users\/2"}],"replies":[{"embeddable":true,"href":"https:\/\/www.europesays.com\/pt\/wp-json\/wp\/v2\/comments?post=20777"}],"version-history":[{"count":0,"href":"https:\/\/www.europesays.com\/pt\/wp-json\/wp\/v2\/posts\/20777\/revisions"}],"wp:featuredmedia":[{"embeddable":true,"href":"https:\/\/www.europesays.com\/pt\/wp-json\/wp\/v2\/media\/20778"}],"wp:attachment":[{"href":"https:\/\/www.europesays.com\/pt\/wp-json\/wp\/v2\/media?parent=20777"}],"wp:term":[{"taxonomy":"category","embeddable":true,"href":"https:\/\/www.europesays.com\/pt\/wp-json\/wp\/v2\/categories?post=20777"},{"taxonomy":"post_tag","embeddable":true,"href":"https:\/\/www.europesays.com\/pt\/wp-json\/wp\/v2\/tags?post=20777"}],"curies":[{"name":"wp","href":"https:\/\/api.w.org\/{rel}","templated":true}]}}