{"id":207777,"date":"2025-12-30T11:44:09","date_gmt":"2025-12-30T11:44:09","guid":{"rendered":"https:\/\/www.europesays.com\/pt\/207777\/"},"modified":"2025-12-30T11:44:09","modified_gmt":"2025-12-30T11:44:09","slug":"west-ham-de-nuno-espirito-santo-faz-proposta-de-137-milhoes-de-euros-por-alvo-do-benfica","status":"publish","type":"post","link":"https:\/\/www.europesays.com\/pt\/207777\/","title":{"rendered":"West Ham de Nuno Esp\u00edrito Santo faz proposta de 13,7 milh\u00f5es de euros por alvo do Benfica"},"content":{"rendered":"<p>&#8211; Advertisement &#8211;<\/p>\n<p><strong>O West Ham est\u00e1 de olho na contrata\u00e7\u00e3o de Rafiu Durosinmi. O avan\u00e7ado nigeriano do Viktoria Plzen est\u00e1 tamb\u00e9m na mira do Benfica.<\/strong><\/p>\n<p>O West Ham est\u00e1 tamb\u00e9m interessado em Rafiu Durosinmi. De acordo com o jornalista Pete O\u2019Rourke, o clube treinado por Nuno Esp\u00edrito Santo fez uma proposta de 13,7 milh\u00f5es de euros para contratar o avan\u00e7ado nigeriano ao Viktoria Plzen.<\/p>\n<p>A mesma fonte refere que tamb\u00e9m o Estugarda e a Lazio j\u00e1 fizeram ofertas por Rafiu Durosinmi, que, nas \u00faltimas horas, foi tamb\u00e9m <a href=\"https:\/\/bolanarede.pt\/especial-bola-na-rede\/atualidade\/benfica-quer-contratar-ponta-de-lanca-e-olha-para-avancado-nigeriano\/\" target=\"_blank\" rel=\"noreferrer noopener nofollow\">colocado na \u00f3rbita do Benfica<\/a>.<\/p>\n<p>Nesta temporada, o avan\u00e7ado de 22 anos tem 13 golos em 30 jogos pelo Viktoria Plzen.<\/p>\n<blockquote class=\"twitter-tweet\" data-width=\"550\" data-dnt=\"true\">\n<p lang=\"pt\" dir=\"ltr\">\ud83d\udea8 West Ham United apresenta uma proposta de 13,7 milh\u00f5es de euros ao Viktoria Plzen por Rafiu Durosinmi, avan\u00e7a o jornalista <a href=\"https:\/\/twitter.com\/SportsPeteO?ref_src=twsrc%5Etfw\" rel=\"nofollow noopener\" target=\"_blank\">@SportsPeteO<\/a>.<br \/>VfB Stuttgart e Lazio tamb\u00e9m j\u00e1 apresentaram propostas pelo ponta-de-lan\u00e7a de 22 anos, adianta a mesma fonte.<br \/>De recordar que, o atleta\u2026 <a href=\"https:\/\/t.co\/5X2qr5F1BE\" rel=\"nofollow\">https:\/\/t.co\/5X2qr5F1BE<\/a> <a href=\"https:\/\/t.co\/lU3z1VaGE4\" rel=\"nofollow\">pic.twitter.com\/lU3z1VaGE4<\/a><\/p>\n<p>\u2014 Di\u00e1rio de Transfer\u00eancias (@DTransferencias) <a href=\"https:\/\/twitter.com\/DTransferencias\/status\/2005752213495546141?ref_src=twsrc%5Etfw\" rel=\"nofollow noopener\" target=\"_blank\">December 29, 2025<\/a><\/p><\/blockquote>\n<p><script async src=\"https:\/\/platform.twitter.com\/widgets.js\" charset=\"utf-8\"><\/script><\/p>\n","protected":false},"excerpt":{"rendered":"&#8211; Advertisement &#8211; O West Ham est\u00e1 de olho na contrata\u00e7\u00e3o de Rafiu Durosinmi. O avan\u00e7ado nigeriano do&hellip;\n","protected":false},"author":2,"featured_media":207778,"comment_status":"","ping_status":"","sticky":false,"template":"","format":"standard","meta":{"footnotes":""},"categories":[87],"tags":[260,51,135,12179,32,666,33,40791,134,40793,8709],"class_list":{"0":"post-207777","1":"post","2":"type-post","3":"status-publish","4":"format-standard","5":"has-post-thumbnail","7":"category-desporto","8":"tag-atualidade","9":"tag-benfica","10":"tag-desporto","11":"tag-nuno-espirito-santo","12":"tag-portugal","13":"tag-premier-league","14":"tag-pt","15":"tag-rafiu-durosinmi","16":"tag-sports","17":"tag-viktoria-plzen","18":"tag-west-ham"},"share_on_mastodon":{"url":"https:\/\/pubeurope.com\/@pt\/115808348632338905","error":""},"_links":{"self":[{"href":"https:\/\/www.europesays.com\/pt\/wp-json\/wp\/v2\/posts\/207777","targetHints":{"allow":["GET"]}}],"collection":[{"href":"https:\/\/www.europesays.com\/pt\/wp-json\/wp\/v2\/posts"}],"about":[{"href":"https:\/\/www.europesays.com\/pt\/wp-json\/wp\/v2\/types\/post"}],"author":[{"embeddable":true,"href":"https:\/\/www.europesays.com\/pt\/wp-json\/wp\/v2\/users\/2"}],"replies":[{"embeddable":true,"href":"https:\/\/www.europesays.com\/pt\/wp-json\/wp\/v2\/comments?post=207777"}],"version-history":[{"count":0,"href":"https:\/\/www.europesays.com\/pt\/wp-json\/wp\/v2\/posts\/207777\/revisions"}],"wp:featuredmedia":[{"embeddable":true,"href":"https:\/\/www.europesays.com\/pt\/wp-json\/wp\/v2\/media\/207778"}],"wp:attachment":[{"href":"https:\/\/www.europesays.com\/pt\/wp-json\/wp\/v2\/media?parent=207777"}],"wp:term":[{"taxonomy":"category","embeddable":true,"href":"https:\/\/www.europesays.com\/pt\/wp-json\/wp\/v2\/categories?post=207777"},{"taxonomy":"post_tag","embeddable":true,"href":"https:\/\/www.europesays.com\/pt\/wp-json\/wp\/v2\/tags?post=207777"}],"curies":[{"name":"wp","href":"https:\/\/api.w.org\/{rel}","templated":true}]}}