{"id":207783,"date":"2025-12-30T11:47:12","date_gmt":"2025-12-30T11:47:12","guid":{"rendered":"https:\/\/www.europesays.com\/pt\/207783\/"},"modified":"2025-12-30T11:47:12","modified_gmt":"2025-12-30T11:47:12","slug":"surgiu-um-novo-telemovel-enigmatico-da-xiaomi-tudo-o-que-sabemos","status":"publish","type":"post","link":"https:\/\/www.europesays.com\/pt\/207783\/","title":{"rendered":"Surgiu um novo telem\u00f3vel &#8220;enigm\u00e1tico&#8221; da Xiaomi: tudo o que sabemos"},"content":{"rendered":"<p class=\"leading\">\n                Apareceu um novo telem\u00f3vel da Xiaomi, cujo nome n\u00e3o foi identificado, no banco de dados da GSMA. Eis o que sabemos sobre ele.            <\/p>\n<p class=\"article-image \"><img decoding=\"async\" alt=\"Poco\" height=\"900\" src=\"https:\/\/www.europesays.com\/pt\/wp-content\/uploads\/2025\/12\/design-sem-nome-2025-12-30t110454-764.jpg\" width=\"1600\" fetchpriority=\"high\"\/><\/p>\n<p><a href=\"https:\/\/t.me\/descontos4gnews\" rel=\"nofollow\" class=\"banner-deals mb20 banner-deals-rotation banner-deals-rotation--telegram\"><\/p>\n<p>        Entra no nosso canal Telegram<br \/>e recebe as melhores ofertas<\/p>\n<p>        ENTRAR\n    <\/p>\n<p><\/a><\/p>\n<p>\u201cMist\u00e9rio\u201d poderia perfeitamente ser a palavra ideal para descrever os \u00faltimos dias, no que toca aos planos futuros da Xiaomi acerca dos seus smartphones. Nas \u00faltimas horas, o conceituado \u201cleaker\u201d Digital Chat Station mencionou um telem\u00f3vel em testes com o nome n\u00e3o identificado, que deveria ser o <a href=\"https:\/\/4gnews.pt\/surpresa-novo-smartphone-misterioso-da-xiaomi-reforca-a-gama-de-topo\/\" rel=\"nofollow noopener\" target=\"_blank\">Xiaomi 17 Pro<\/a>.<\/p>\n<p>Desta vez, h\u00e1 mais um smartphone cujo nome n\u00e3o foi revelado, que acaba de aparecer no banco de dados da GSMA. Apenas vem com o n\u00famero de modelo \u201c2606FRT34I\u201d, o que nos permite saber que o lan\u00e7amento dever\u00e1 acontecer no mercado indiano, j\u00e1 que a \u00faltima letra \u00e9 um \u201cI\u201d. <\/p>\n<p>Ser\u00e1 o Redmi Turbo 5?<\/p>\n<p>Nunca \u00e9 demais refor\u00e7ar que n\u00e3o est\u00e1 confirmado o modelo em quest\u00e3o. No entanto, diz-nos a l\u00f3gica que em princ\u00edpio ser\u00e1 um telem\u00f3vel Redmi Turbo. Pelo menos, \u00e9 o que as letras \u201cRT\u201d no n\u00famero de modelo sugerem.<\/p>\n<p>Tentando ainda interpretar o resto do c\u00f3digo, o \u201c2606\u201d poder\u00e1 querer dizer eventualmente que o lan\u00e7amento ir\u00e1 acontecer em junho (\u201c06\u201d) de 2026 (\u201c26\u201d). Ainda assim, \u00e9 de referir que a gera\u00e7\u00e3o anterior foi lan\u00e7ada no in\u00edcio do ano de 2025. Por isso, pelo menos neste aspeto, fica a d\u00favida em cima da mesa.<\/p>\n<p>Seguindo a ordem normal, \u00e9 prov\u00e1vel que a designa\u00e7\u00e3o seja relativa ao Redmi Turbo 5. Como sabemos, estes telem\u00f3veis n\u00e3o s\u00e3o lan\u00e7ados na Europa, ainda que cheguem c\u00e1 com uma designa\u00e7\u00e3o diferente. O Redmi Turbo 5 seria uma vers\u00e3o muito pr\u00f3xima ao Poco X8 Pro.<\/p>\n<p>Importa ainda referir que o \u201cI\u201d no c\u00f3digo deste telem\u00f3vel \u00e9 tudo menos frequente. Como relembram (e bem) os nossos colegas da <a href=\"https:\/\/xiaomitime.com\/mystery-leak-is-redmi-turbo-5-returning-to-india-83840\/\" rel=\"nofollow noopener\" target=\"_blank\">Xiaomi Time<\/a>, o mercado indiano tamb\u00e9m costuma receber os Poco, em vez dos Redmi Turbo.<\/p>\n<p>Fica a curiosidade de entender se as previs\u00f5es se confirmam e, se sim, quais as grandes diferen\u00e7as para a gera\u00e7\u00e3o anterior. Por enquanto, acredita-se que o Redmi Turbo 5 v\u00e1 ter bateria de 9.000 mAh, carregamento a 100W, processador MediaTek Dimensity 9, entre outras caracter\u00edsticas.<\/p>\n<p><a href=\"https:\/\/amzn.to\/44P2fO0\" target=\"_blank\" rel=\"nofollow noreferrer noopener\"><img decoding=\"async\" alt=\"XIAOMI POCO M7 6+128 GB\" height=\"488\" width=\"650\" class=\"lazyload\" src=\"https:\/\/www.europesays.com\/pt\/wp-content\/uploads\/2025\/12\/xiaomi-poco-m7-6-128-gb-41agxi2lgkl-sl500.jpg\" loading=\"lazy\"\/><\/a><\/p>\n<p>Oferta por tempo limitado<\/p>\n<p>119,99 \u20acAmazon<\/p>\n<p>169,90 \u20ac-29%<\/p>\n<p class=\"inline-related-title\">Editores 4gnews recomendam:<\/p>\n","protected":false},"excerpt":{"rendered":"Apareceu um novo telem\u00f3vel da Xiaomi, cujo nome n\u00e3o foi identificado, no banco de dados da GSMA. Eis&hellip;\n","protected":false},"author":2,"featured_media":207784,"comment_status":"","ping_status":"","sticky":false,"template":"","format":"standard","meta":{"footnotes":""},"categories":[84],"tags":[109,107,108,32,33,105,103,104,106,110],"class_list":{"0":"post-207783","1":"post","2":"type-post","3":"status-publish","4":"format-standard","5":"has-post-thumbnail","7":"category-ciencia-e-tecnologia","8":"tag-ciencia","9":"tag-ciencia-e-tecnologia","10":"tag-cienciaetecnologia","11":"tag-portugal","12":"tag-pt","13":"tag-science","14":"tag-science-and-technology","15":"tag-scienceandtechnology","16":"tag-technology","17":"tag-tecnologia"},"share_on_mastodon":{"url":"https:\/\/pubeurope.com\/@pt\/115808360646556673","error":""},"_links":{"self":[{"href":"https:\/\/www.europesays.com\/pt\/wp-json\/wp\/v2\/posts\/207783","targetHints":{"allow":["GET"]}}],"collection":[{"href":"https:\/\/www.europesays.com\/pt\/wp-json\/wp\/v2\/posts"}],"about":[{"href":"https:\/\/www.europesays.com\/pt\/wp-json\/wp\/v2\/types\/post"}],"author":[{"embeddable":true,"href":"https:\/\/www.europesays.com\/pt\/wp-json\/wp\/v2\/users\/2"}],"replies":[{"embeddable":true,"href":"https:\/\/www.europesays.com\/pt\/wp-json\/wp\/v2\/comments?post=207783"}],"version-history":[{"count":0,"href":"https:\/\/www.europesays.com\/pt\/wp-json\/wp\/v2\/posts\/207783\/revisions"}],"wp:featuredmedia":[{"embeddable":true,"href":"https:\/\/www.europesays.com\/pt\/wp-json\/wp\/v2\/media\/207784"}],"wp:attachment":[{"href":"https:\/\/www.europesays.com\/pt\/wp-json\/wp\/v2\/media?parent=207783"}],"wp:term":[{"taxonomy":"category","embeddable":true,"href":"https:\/\/www.europesays.com\/pt\/wp-json\/wp\/v2\/categories?post=207783"},{"taxonomy":"post_tag","embeddable":true,"href":"https:\/\/www.europesays.com\/pt\/wp-json\/wp\/v2\/tags?post=207783"}],"curies":[{"name":"wp","href":"https:\/\/api.w.org\/{rel}","templated":true}]}}