{"id":207785,"date":"2025-12-30T11:48:07","date_gmt":"2025-12-30T11:48:07","guid":{"rendered":"https:\/\/www.europesays.com\/pt\/207785\/"},"modified":"2025-12-30T11:48:07","modified_gmt":"2025-12-30T11:48:07","slug":"dona-do-facebook-compra-empresa-chinesa-manus-tecnologias","status":"publish","type":"post","link":"https:\/\/www.europesays.com\/pt\/207785\/","title":{"rendered":"Dona do Facebook compra empresa chinesa Manus &#8211; Tecnologias"},"content":{"rendered":"<p class=\"\">&#13;<br \/>\n        A <b>Meta, dona das plataformas Facebook, Instagram e WhatsApp, comprou a startup chinesa de intelig\u00eancia artificial Manus<\/b>. O neg\u00f3cio acaba por ter uma componente inesperada, considerando que a Manus era vista como uma das grandes promessas na \u00e1rea da IA na China e acaba agora nas m\u00e3os de uma tecnol\u00f3gica norte-americana.&#13;\n    <\/p>\n<p class=\"\">&#13;<br \/>\n        O valor do neg\u00f3cio n\u00e3o foi revelado, mas fontes contactadas pela <a href=\"https:\/\/www.reuters.com\/world\/china\/meta-acquire-chinese-startup-manus-boost-advanced-ai-features-2025-12-29\" target=\"_blank\" rel=\"tag nofollow noopener\">Reuters<\/a> colocam a <b>venda acima dos dois mil milh\u00f5es de d\u00f3lares, cerca de 1,69 mil milh\u00f5es de euros ao c\u00e2mbio atual<\/b>. A empresa tinha fechado uma ronda de financiamento de 75 milh\u00f5es de d\u00f3lares este ano, o que lhe deu uma avalia\u00e7\u00e3o de 500 milh\u00f5es de d\u00f3lares \u2013 o que sinaliza que a Meta quis assegurar o neg\u00f3cio numa altura em que a corrida pelo dom\u00ednio da IA intensifica-se. A Manus estaria no mercado \u00e0 procura de uma nova ronda de financiamento.&#13;\n    <\/p>\n<p class=\"\">&#13;<br \/>\n        A <b>Manus destacou-se em 2025 por ter sido uma das primeiras empresas a disponibilizar um agente de intelig\u00eancia artificial<\/b>, isto \u00e9, um sistema capaz de executar tarefas de forma aut\u00f3noma mediante um simples comando dado pelo utilizador.&#13;\n    <\/p>\n<p>\n    <strong data-empty=\"false\">A Manus est\u00e1 a servir as necessidades di\u00e1rias de milh\u00f5es de utilizadores e empresas em todo o mundo<\/strong><br \/>\n    Comunicado da Meta\n<\/p>\n<p class=\"\">&#13;<br \/>\n        A startup chinesa tinha tamb\u00e9m firmado uma parceria com o gigante do com\u00e9rcio eletr\u00f3nico Alibaba no desenvolvimento de modelos de intelig\u00eancia artificial.&#13;\n    <\/p>\n<p class=\"\">&#13;<br \/>\n        &#8220;Juntarmo-nos \u00e0 Meta permite-nos construir sobre uma base mais forte e sustent\u00e1vel sem alterar o funcionamento da Manus ou a forma como as decis\u00f5es s\u00e3o tomadas&#8221;, sublinha Xiao Hong, presidente executivo (CEO) da Manus em comunicado. &#13;\n    <\/p>\n<p class=\"\">&#13;<br \/>\n        &#8220;A Manus est\u00e1 a servir as necessidades di\u00e1rias de milh\u00f5es de utilizadores e empresas em todo o mundo. O seu primeiro agente de IA generalista j\u00e1 criou mais de 80 milh\u00f5es de computadores virtuais. Planeamos escalar este servi\u00e7o para muitas mais empresas&#8221;, sublinhou por seu lado a Meta em <a href=\"https:\/\/www.facebook.com\/business\/news\/manus-joins-meta-accelerating-ai-innovation-for-businesses\" target=\"_blank\" rel=\"tag nofollow noopener\">comunicado<\/a>. &#13;\n    <\/p>\n<p class=\"\">&#13;<br \/>\n        Para afastar poss\u00edveis bloqueios ao neg\u00f3cio por a Manus ser uma empresa de origem chinesa, um porta-voz da Meta j\u00e1 afirmou que &#8220;ap\u00f3s o neg\u00f3cio, n\u00e3o existir\u00e3o quaisquer interesses de propriedade chineses na Manus e a empresa vai descontinuar os seus servi\u00e7os e opera\u00e7\u00f5es na China&#8221;, adianta o <a href=\"https:\/\/asia.nikkei.com\/business\/technology\/artificial-intelligence\/meta-says-ai-startup-manus-to-cut-china-ties-after-acquisition?utm_social_post_id=637317589&amp;utm_social_handle_id=3335963\" target=\"_self\" rel=\"tag nofollow noopener\">Nikkei Asia<\/a>.&#13;\n    <\/p>\n<p class=\"\">&#13;<br \/>\n        Este \u00e9 o <b>mais recente investimento de peso da Meta no segmento da intelig\u00eancia artificial.<\/b> A tecnol\u00f3gica j\u00e1 tinha protagonizado uma das grandes movimenta\u00e7\u00f5es de mercado em 2025, com os 14 mil milh\u00f5es de d\u00f3lares investidos na Scale AI. A Meta destacou-se ainda pela constru\u00e7\u00e3o de uma equipa de &#8220;luxo&#8221; de investigadores e executivos de IA, tendo recrutado diretamente a empresas rivais, como a OpenAI e a Apple.&#13;\n    <\/p>\n","protected":false},"excerpt":{"rendered":"&#13; A Meta, dona das plataformas Facebook, Instagram e WhatsApp, comprou a startup chinesa de intelig\u00eancia artificial Manus.&hellip;\n","protected":false},"author":2,"featured_media":207786,"comment_status":"","ping_status":"","sticky":false,"template":"","format":"standard","meta":{"footnotes":""},"categories":[83],"tags":[88,358,40628,89,90,1169,933,10183,32,33],"class_list":{"0":"post-207785","1":"post","2":"type-post","3":"status-publish","4":"format-standard","5":"has-post-thumbnail","7":"category-empresas","8":"tag-business","9":"tag-china","10":"tag-comercio-eletronico","11":"tag-economy","12":"tag-empresas","13":"tag-facebook","14":"tag-inteligencia-artificial","15":"tag-investimentos","16":"tag-portugal","17":"tag-pt"},"share_on_mastodon":{"url":"https:\/\/pubeurope.com\/@pt\/115808364264312143","error":""},"_links":{"self":[{"href":"https:\/\/www.europesays.com\/pt\/wp-json\/wp\/v2\/posts\/207785","targetHints":{"allow":["GET"]}}],"collection":[{"href":"https:\/\/www.europesays.com\/pt\/wp-json\/wp\/v2\/posts"}],"about":[{"href":"https:\/\/www.europesays.com\/pt\/wp-json\/wp\/v2\/types\/post"}],"author":[{"embeddable":true,"href":"https:\/\/www.europesays.com\/pt\/wp-json\/wp\/v2\/users\/2"}],"replies":[{"embeddable":true,"href":"https:\/\/www.europesays.com\/pt\/wp-json\/wp\/v2\/comments?post=207785"}],"version-history":[{"count":0,"href":"https:\/\/www.europesays.com\/pt\/wp-json\/wp\/v2\/posts\/207785\/revisions"}],"wp:featuredmedia":[{"embeddable":true,"href":"https:\/\/www.europesays.com\/pt\/wp-json\/wp\/v2\/media\/207786"}],"wp:attachment":[{"href":"https:\/\/www.europesays.com\/pt\/wp-json\/wp\/v2\/media?parent=207785"}],"wp:term":[{"taxonomy":"category","embeddable":true,"href":"https:\/\/www.europesays.com\/pt\/wp-json\/wp\/v2\/categories?post=207785"},{"taxonomy":"post_tag","embeddable":true,"href":"https:\/\/www.europesays.com\/pt\/wp-json\/wp\/v2\/tags?post=207785"}],"curies":[{"name":"wp","href":"https:\/\/api.w.org\/{rel}","templated":true}]}}