{"id":207813,"date":"2025-12-30T12:09:12","date_gmt":"2025-12-30T12:09:12","guid":{"rendered":"https:\/\/www.europesays.com\/pt\/207813\/"},"modified":"2025-12-30T12:09:12","modified_gmt":"2025-12-30T12:09:12","slug":"leandro-fala-sobre-futuro-da-amizade-com-pedro-e-marisa-a-minha-vida-vai-continuar-secret-story","status":"publish","type":"post","link":"https:\/\/www.europesays.com\/pt\/207813\/","title":{"rendered":"Leandro fala sobre futuro da amizade com Pedro e Marisa: \u00abA minha vida vai continuar\u00bb &#8211; Secret Story"},"content":{"rendered":"<p style=\"margin-bottom:11px\">No Secret Story 9, ap\u00f3s ter sa\u00eddo da casa mais vigiada do Pa\u00eds, Leandro falou sobre a amizade que o une a Pedro e Marisa. Ser\u00e1 que existe um futuro para o \u2018Gang dos Frescos\u2019? Saiba tudo aqui.<\/p>\n<p style=\"margin-bottom:11px\">Estamos em contagem decrescente para saber quem ser\u00e1 o grande vencedor do Secret Story 9. Vote no seu concorrente favorito atrav\u00e9s da app TVI Reality ou das linhas telef\u00f3nicas e ajude-o a vencer:<\/p>\n<p>IN\u00caS 761 20 20 10<\/p>\n<p>LILIANA 761 20 20 14<\/p>\n<p>MARISA 761 20 20 16<\/p>\n<p>PEDRO 761 20 20 18<\/p>\n<p style=\"margin-bottom:11px\"><a href=\"https:\/\/tvi.iol.pt\/secretstory\/aominuto\" style=\"color:#467886; text-decoration:underline\" rel=\"nofollow noopener\" target=\"_blank\">Veja aqui tudo o que se passa na casa do Secret Story 9<\/a><\/p>\n","protected":false},"excerpt":{"rendered":"No Secret Story 9, ap\u00f3s ter sa\u00eddo da casa mais vigiada do Pa\u00eds, Leandro falou sobre a amizade&hellip;\n","protected":false},"author":2,"featured_media":207814,"comment_status":"","ping_status":"","sticky":false,"template":"","format":"standard","meta":{"footnotes":""},"categories":[142],"tags":[114,115,19033,12397,19184,19034,14646,32,33,151,19032],"class_list":{"0":"post-207813","1":"post","2":"type-post","3":"status-publish","4":"format-standard","5":"has-post-thumbnail","7":"category-tv","8":"tag-entertainment","9":"tag-entretenimento","10":"tag-galas-em-video","11":"tag-leandro","12":"tag-marisa","13":"tag-melhores-momentos-casa-dos-segredos","14":"tag-pedro","15":"tag-portugal","16":"tag-pt","17":"tag-tv","18":"tag-videos-secret-story-tvi"},"share_on_mastodon":{"url":"https:\/\/pubeurope.com\/@pt\/115808447180809877","error":""},"_links":{"self":[{"href":"https:\/\/www.europesays.com\/pt\/wp-json\/wp\/v2\/posts\/207813","targetHints":{"allow":["GET"]}}],"collection":[{"href":"https:\/\/www.europesays.com\/pt\/wp-json\/wp\/v2\/posts"}],"about":[{"href":"https:\/\/www.europesays.com\/pt\/wp-json\/wp\/v2\/types\/post"}],"author":[{"embeddable":true,"href":"https:\/\/www.europesays.com\/pt\/wp-json\/wp\/v2\/users\/2"}],"replies":[{"embeddable":true,"href":"https:\/\/www.europesays.com\/pt\/wp-json\/wp\/v2\/comments?post=207813"}],"version-history":[{"count":0,"href":"https:\/\/www.europesays.com\/pt\/wp-json\/wp\/v2\/posts\/207813\/revisions"}],"wp:featuredmedia":[{"embeddable":true,"href":"https:\/\/www.europesays.com\/pt\/wp-json\/wp\/v2\/media\/207814"}],"wp:attachment":[{"href":"https:\/\/www.europesays.com\/pt\/wp-json\/wp\/v2\/media?parent=207813"}],"wp:term":[{"taxonomy":"category","embeddable":true,"href":"https:\/\/www.europesays.com\/pt\/wp-json\/wp\/v2\/categories?post=207813"},{"taxonomy":"post_tag","embeddable":true,"href":"https:\/\/www.europesays.com\/pt\/wp-json\/wp\/v2\/tags?post=207813"}],"curies":[{"name":"wp","href":"https:\/\/api.w.org\/{rel}","templated":true}]}}