{"id":207815,"date":"2025-12-30T12:10:08","date_gmt":"2025-12-30T12:10:08","guid":{"rendered":"https:\/\/www.europesays.com\/pt\/207815\/"},"modified":"2025-12-30T12:10:08","modified_gmt":"2025-12-30T12:10:08","slug":"panorama-radio-fm-conta-com-mudancas-em-25-das-27-capitais-brasileiras-em-2025","status":"publish","type":"post","link":"https:\/\/www.europesays.com\/pt\/207815\/","title":{"rendered":"Panorama: R\u00e1dio FM conta com mudan\u00e7as em 25 das 27 capitais brasileiras em 2025"},"content":{"rendered":"<p>Como tem sido costume nos \u00faltimos anos, o <strong>tudoradio.com<\/strong> fecha mais um ciclo realizando um levantamento sobre mudan\u00e7as no dial FM de todo o pa\u00eds. O ano de 2025 foi marcado por muita movimenta\u00e7\u00e3o em diferentes regi\u00f5es do Brasil, e o recorte sobre as altera\u00e7\u00f5es nos dials das capitais estaduais exemplifica bem esse quadro agitado no mercado de r\u00e1dio. <strong>Curitiba<\/strong>, capital do Paran\u00e1, <strong>chamou a aten\u00e7\u00e3o por contabilizar 11 mudan\u00e7as no FM apenas neste ano<\/strong>. <strong>Fortaleza<\/strong> tamb\u00e9m est\u00e1 entre os destaques, <strong>com oito altera\u00e7\u00f5es<\/strong>. Os maiores mercados do pa\u00eds, <strong>S\u00e3o Paulo<\/strong> e <strong>Rio de Janeiro<\/strong>, registraram <strong>sete mudan\u00e7as cada<\/strong>. Acompanhe os detalhes:<\/p>\n<p><strong>Curitiba<\/strong> foi novamente a capital com mais mudan\u00e7as em seu dial FM, \u00e0 exemplo do que foi visto em 2024, quando dividiu esse recorte com <strong>Bras\u00edlia<\/strong>. E foram v\u00e1rias novidades neste ano na capital paranaense: surgimento das conhecidas marcas <strong>89 FM A R\u00e1dio Rock FM 89.3<\/strong> e <strong>Antena 1 FM 90.7<\/strong>, retorno de nomes como <strong>Lumen FM<\/strong> e <strong>Feliz FM<\/strong>, agora em novos canais, migra\u00e7\u00e3o de eFM para a faixa convencional, como foi o caso da <strong>R\u00e1dio Banda B<\/strong>, que estava em 79.3 FM e passou para 89.7 FM, entre outras novidades que movimentaram o dial curitibano. A mudan\u00e7a da <strong>Transam\u00e9rica<\/strong> para <strong>TMC<\/strong>, por meio da <strong>TMC FM 100.3<\/strong>, tamb\u00e9m impactou o mercado paranaense.<\/p>\n<p style=\"text-align:center\"><img decoding=\"async\" alt=\"\" src=\"https:\/\/www.europesays.com\/pt\/wp-content\/uploads\/2025\/12\/69530c2612e21.png\" style=\"height:400px; width:700px\" \/><br \/>&#13;<br \/>\nRegistro de sintonia da 89 FM A R\u00e1dio Rock em Curitiba; R\u00e1dio Banda B em novo canal tamb\u00e9m aparece na imagem \/ tudoradio.com<\/p>\n<p>J\u00e1 <strong>Fortaleza<\/strong> teve tr\u00eas ondas predominantes de mudan\u00e7as: surgimento de novas r\u00e1dios p\u00fablicas, que tamb\u00e9m coincidiu com outra onda, a de entrada de r\u00e1dios no FM estendido. E, como tem ocorrido ao longo dos \u00faltimos anos, houve trocas de bandeiras religiosas em esta\u00e7\u00f5es que t\u00eam abrigado projetos de formatos evang\u00e9lico\/gospel. Mas o dial local tamb\u00e9m passou por altera\u00e7\u00f5es em projetos comerciais, como o surgimento da <strong>Antena 1 FM 97.7<\/strong> na capital cearense. A troca mais recente foi a chegada da <strong>R\u00e1dio Maria Brasil FM 97.1<\/strong>, de formato religioso\/cat\u00f3lico.<\/p>\n<p><strong>S\u00e3o Paulo<\/strong> teve como destaque o in\u00edcio da transi\u00e7\u00e3o da FM 105.7 de <strong>Musical<\/strong> para o projeto <strong>Forbes Radio<\/strong>, que ser\u00e1 lan\u00e7ado em definitivo no pr\u00f3ximo ano. A entrada de r\u00e1dios tradicionais no FM, como \u00e9 o caso da <strong>R\u00e1dio Record FM 77.1<\/strong>, tamb\u00e9m esteve entre as novidades. E, \u00e9 claro, a matriz da at\u00e9 ent\u00e3o <strong>Rede Transam\u00e9rica<\/strong> tamb\u00e9m virou novidade no dial paulistano, com o surgimento da <strong>TMC FM 100.1<\/strong>, no lugar da tradicional marca anterior.<\/p>\n<p>O <strong>Rio de Janeiro<\/strong>, que tamb\u00e9m teve sete mudan\u00e7as no total em 2025, igualando-se a <strong>S\u00e3o Paulo<\/strong>, viu o surgimento de projetos como a <strong>NovaParadiso FM 89.5<\/strong>, <strong>Band FM 91.1<\/strong> e a entrada da <strong>Antena 1 FM 103.7<\/strong> na rede nacional da mesma marca. A mudan\u00e7a da <strong>Transam\u00e9rica<\/strong> movimentou o dial carioca com a <strong>TMC FM 101.3<\/strong>. E duas estreias no FM estendido tamb\u00e9m estiveram entre as novidades: a chegada da <strong>R\u00e1dio Manchete FM 76.9<\/strong> (que j\u00e1 confirmou mudan\u00e7a para FM 96.1 em 2026) e da <strong>Sputnik FM<\/strong>, na <strong>Metropolitana FM 80.5<\/strong>.<\/p>\n<p><a href=\"https:\/\/tudoradio.com\/noticias\/ver\/34209-levantamento-redes-de-diferentes-formatos-apresentam-forte-processo-de-expansao-em-2025\" rel=\"nofollow noopener\" target=\"_blank\"><strong>As expans\u00f5es de redes nacionais, j\u00e1 destacadas pelo levantamento feito pelo tudoradio.com<\/strong><\/a> sobre esse assunto, tamb\u00e9m movimentaram as capitais estaduais, com implanta\u00e7\u00f5es de afiliadas das redes <strong>Alpha FM<\/strong>, <strong>Antena 1<\/strong>, <strong>Band FM<\/strong>, <strong>CBN<\/strong>, <strong>Classic Pan<\/strong>, <strong>Jovem Pan FM<\/strong>, <strong>Jovem Pan News<\/strong>, <strong>Massa FM<\/strong>, <strong>Metropolitana FM<\/strong>, <strong>Nativa FM<\/strong>, <strong>Novabrasil FM<\/strong>, entre outras. A troca de nome da <strong>Norte FM<\/strong> para <strong>Liga FM<\/strong>, gerida a partir de <strong>Bras\u00edlia<\/strong>, tamb\u00e9m impactou algumas capitais estaduais.<\/p>\n<p>Vale lembrar que o ano de 2026 j\u00e1 deve reservar uma s\u00e9rie de mudan\u00e7as, conforme j\u00e1 anunciado pelo <strong>tudoradio.com<\/strong>. Capitais como <strong>S\u00e3o Paulo<\/strong> e <strong>Rio de Janeiro<\/strong> s\u00e3o alguns dos exemplos de novidades previstas j\u00e1 a partir do m\u00eas de janeiro, como a entrada da <strong>Forbes Radio\u00a0<\/strong><strong>FM 105.7<\/strong> no mercado paulista e as estreias das r\u00e1dios <strong>Jovem Pan News FM 90.7<\/strong> e <strong>Jovem Pan FM 95.3<\/strong> na capital fluminense.<\/p>\n<p style=\"text-align:center\"><img decoding=\"async\" alt=\"\" src=\"https:\/\/www.europesays.com\/pt\/wp-content\/uploads\/2025\/12\/692f6554a8506.png\" \/><br \/>&#13;<br \/>\nR\u00e1dio Record captada em FM na capital paulista \/ cr\u00e9dito: Maur\u00edcio Viel<\/p>\n<p>O levantamento feito pelo <strong>tudoradio.com<\/strong> considera mudan\u00e7as de marcas, de formatos, estreias de redes, inaugura\u00e7\u00f5es oficiais ou expectativas, trocas de frequ\u00eancias entre FMs e as migra\u00e7\u00f5es AM\/OT\/OC para o FM.<\/p>\n<p><strong>Confira abaixo todas as mudan\u00e7as registradas, ordenadas da cidade com mais trocas para a que teve menos altera\u00e7\u00f5es<\/strong><\/p>\n<p><strong>Curitiba (PR):<\/strong><br \/>&#13;<br \/>\n80.9 FM &#8211; R\u00e1dio Can\u00e7\u00e3o Nova<br \/>&#13;<br \/>\n85.3 FM &#8211; BandNews FM<br \/>&#13;<br \/>\n89.3 FM &#8211; 89 FM A R\u00e1dio Rock<br \/>&#13;<br \/>\n89.7 FM &#8211; R\u00e1dio Banda B<br \/>&#13;<br \/>\n90.7 FM &#8211; Antena 1<br \/>&#13;<br \/>\n91.3 FM &#8211; 91 Gospel<br \/>&#13;<br \/>\n95.7 FM &#8211; Feliz FM<br \/>&#13;<br \/>\n96.7 FM &#8211; Lumen FM<br \/>&#13;<br \/>\n100.3 FM &#8211; TMC<br \/>&#13;<br \/>\n101.9 FM &#8211; Difusora FM<br \/>&#13;<br \/>\n103.3 FM &#8211; R\u00e1dio Mundo Melhor &#8211; Arauc\u00e1ria<\/p>\n<p><strong>Fortaleza (CE):<\/strong><br \/>&#13;<br \/>\n79.7 FM &#8211; R\u00e1dio Metropolitana &#8211; Caucaia<br \/>&#13;<br \/>\n86.7 FM &#8211; IFCE FM \/ R\u00e1dio Nacional<br \/>&#13;<br \/>\n87.1 FM &#8211; R\u00e1dio Cear\u00e1<br \/>&#13;<br \/>\n91.7 FM &#8211; R\u00e1dio Shalom FM<br \/>&#13;<br \/>\n92.1 FM &#8211; R\u00e1dio Efraim<br \/>&#13;<br \/>\n97.1 FM &#8211; R\u00e1dio Maria Brasil<br \/>&#13;<br \/>\n97.7 FM &#8211; Antena 1<br \/>&#13;<br \/>\n102.3 FM &#8211; Templo Central FM<\/p>\n<p><strong>S\u00e3o Paulo (SP):<\/strong><br \/>&#13;<br \/>\n77.1 FM &#8211; R\u00e1dio Record<br \/>&#13;<br \/>\n79.1 FM &#8211; Estilo FM<br \/>&#13;<br \/>\n85.9 FM &#8211; R\u00e1dio Can\u00e7\u00e3o Nova<br \/>&#13;<br \/>\n96.5 FM &#8211; 96 FM<br \/>&#13;<br \/>\n100.1 FM &#8211; TMC<br \/>&#13;<br \/>\n102.1 FM &#8211; Super R\u00e1dio<br \/>&#13;<br \/>\n105.7 FM &#8211; FM 105.7<\/p>\n<p><strong>Rio de Janeiro (RJ):<\/strong><br \/>&#13;<br \/>\n76.9 FM &#8211; R\u00e1dio Manchete<br \/>&#13;<br \/>\n80.5 FM &#8211; Sputnik FM \/ Metropolitana<br \/>&#13;<br \/>\n89.5 FM &#8211; NovaParadiso FM<br \/>&#13;<br \/>\n91.1 FM &#8211; Band FM<br \/>&#13;<br \/>\n95.7 FM &#8211; Novo Tempo<br \/>&#13;<br \/>\n101.3 FM &#8211; TMC<br \/>&#13;<br \/>\n103.7 FM &#8211; Antena 1<\/p>\n<p><strong>Bras\u00edlia (DF):<\/strong><br \/>&#13;<br \/>\n89.9 FM &#8211; R\u00e1dio Bandeirantes<br \/>&#13;<br \/>\n93.3 FM &#8211; 93.3 FM<br \/>&#13;<br \/>\n94.5 FM &#8211; R\u00e1dio Maria Brasil<br \/>&#13;<br \/>\n95.7 FM &#8211; R\u00e1dio Marinha<br \/>&#13;<br \/>\n100.1 FM &#8211; TMC<br \/>&#13;<br \/>\n101.7 FM &#8211; Liga FM<\/p>\n<p><strong>Salvador (BA):<\/strong><br \/>&#13;<br \/>\n88.3 FM &#8211; 883 FM<br \/>&#13;<br \/>\n98.3 FM &#8211; R\u00e1dio Melodia<br \/>&#13;<br \/>\n98.7 FM &#8211; Super Rede Boa Vontade<br \/>&#13;<br \/>\n100.7 FM &#8211; Metropolitana FM<br \/>&#13;<br \/>\n107.9 FM &#8211; CBN<\/p>\n<p><strong>Belo Horizonte (MG):<\/strong><br \/>&#13;<br \/>\n88.7 FM &#8211; TMC<br \/>&#13;<br \/>\n89.1 FM &#8211; Maravilha FM<br \/>&#13;<br \/>\n91.7 FM &#8211; F\u00e3 FM<br \/>&#13;<br \/>\n96.1 FM &#8211; Classic Pan<br \/>&#13;<br \/>\n98.7 FM &#8211; 98 News<\/p>\n<p><strong>Manaus (AM):\u00a0<\/strong><br \/>&#13;<br \/>\n95.1 FM &#8211; Liga FM<br \/>&#13;<br \/>\n98.7 FM &#8211; Jovem Pan News<br \/>&#13;<br \/>\n101.1 FM &#8211; Super Rede Boa Vontade<br \/>&#13;<br \/>\n105.1 FM &#8211; Nativa FM<\/p>\n<p><strong>Florian\u00f3polis (SC):<\/strong><br \/>&#13;<br \/>\n89.1 FM &#8211; Deus \u00e9 Amor<br \/>&#13;<br \/>\n91.3 FM &#8211; Alpha FM<br \/>&#13;<br \/>\n98.3 FM &#8211; Jovem Pan News<br \/>&#13;<br \/>\n101.3 FM &#8211; Nostalgia FM<\/p>\n<p><strong>Recife (PE):<\/strong><br \/>&#13;<br \/>\n92.7 FM &#8211; TMC<br \/>&#13;<br \/>\n93.9 FM &#8211; Nova L\u00edder FM &#8211; S\u00e3o Louren\u00e7o da Mata<br \/>&#13;<br \/>\n102.1 FM &#8211; 102.1 FM<\/p>\n<p><strong>Porto Alegre (RS):<\/strong><br \/>&#13;<br \/>\n90.3 FM &#8211; Massa FM<br \/>&#13;<br \/>\n93.3 FM &#8211; Band FM<br \/>&#13;<br \/>\n95.5 FM &#8211; R\u00e1dio Quer\u00eancia<\/p>\n<p><strong>Goi\u00e2nia (GO):<\/strong><br \/>&#13;<br \/>\n88.5 FM &#8211; R\u00e1dio UFG FM<br \/>&#13;<br \/>\n88.9 FM &#8211; Metropolitana FM<br \/>&#13;<br \/>\n103.7 FM &#8211; Antena 1<\/p>\n<p><strong>Bel\u00e9m (PA):<\/strong><br \/>&#13;<br \/>\n100.5 FM &#8211; Metropolitana FM<br \/>&#13;<br \/>\n104.7 FM &#8211; FM O Dia<br \/>&#13;<br \/>\n107.5 FM &#8211; Jovem Pan FM<\/p>\n<p><strong>Jo\u00e3o Pessoa (PB):<\/strong><br \/>&#13;<br \/>\n102.5 FM &#8211; Novabrasil FM<br \/>&#13;<br \/>\n103.3 FM &#8211; Liga FM<br \/>&#13;<br \/>\n104.9 FM &#8211; FM 104.9<\/p>\n<p><strong>Natal (RN):<\/strong><br \/>&#13;<br \/>\n94.9 FM &#8211; R\u00e1dio Assembl\u00e9ia<br \/>&#13;<br \/>\n99.5 FM &#8211; Jovem Pan FM<br \/>&#13;<br \/>\n106.3 FM &#8211; Clube FM<\/p>\n<p><strong>Porto Velho (RO):<\/strong><br \/>&#13;<br \/>\n91.5 FM &#8211; Jovem Pan News<br \/>&#13;<br \/>\n101.9 FM &#8211; SGC FM<br \/>&#13;<br \/>\n107.9 FM &#8211; Conecta FM<\/p>\n<p><strong>Vit\u00f3ria (ES):<\/strong><br \/>&#13;<br \/>\n87.1 FM &#8211; UFES FM<br \/>&#13;<br \/>\n90.1 FM &#8211; Novabrasil FM<br \/>&#13;<br \/>\n98.1 FM &#8211; Jovem Pan News<\/p>\n<p><strong>Macei\u00f3 (AL):<\/strong><br \/>&#13;<br \/>\n97.7 FM &#8211; Metropolitana FM<br \/>&#13;<br \/>\n102.7 FM &#8211; Jovem Pan News<\/p>\n<p><strong>Campo Grande (MS):<\/strong><br \/>&#13;<br \/>\n88.9 FM &#8211; Rede Top FM<br \/>&#13;<br \/>\n93.7 FM &#8211; Massa FM<\/p>\n<p><strong>S\u00e3o Lu\u00eds (MA):<\/strong><br \/>&#13;<br \/>\n98.5 FM &#8211; R\u00e1dio Maranh\u00e3o<\/p>\n<p><strong>Teresina (PI):<\/strong><br \/>&#13;<br \/>\n96.7 FM &#8211; R\u00e1dio UFPI<\/p>\n<p><strong>Aracaju (SE):<\/strong><br \/>&#13;<br \/>\n104.7 FM &#8211; R\u00e1dio UFS FM<\/p>\n<p><strong>Cuiab\u00e1 (MT):<\/strong><br \/>&#13;<br \/>\n96.7 FM &#8211; Jovem Pan FM<\/p>\n<p><strong>Boa Vista (RR):<\/strong><br \/>&#13;<br \/>\n99.7 FM &#8211; Liga FM<\/p>\n<p><strong>Palmas (TO):<\/strong><br \/>&#13;<br \/>\n101.9 FM &#8211; Executiva FM<\/p>\n<p><strong>Capitais sem mudan\u00e7as:<\/strong><br \/>&#13;<br \/>\nMacap\u00e1 (AP) e Rio Branco (AC)<\/p>\n<p><strong>Como nos anos anteriores?<\/strong><br \/>&#13;<br \/>\n&gt;\u00a0<strong><a href=\"https:\/\/tudoradio.com\/noticias\/ver\/32501-panorama-radio-fm-conta-com-mudancas-em-24-das-27-capitais-brasileiras-em-2024\" rel=\"nofollow noopener\" target=\"_blank\">Panorama: R\u00e1dio FM conta com mudan\u00e7as em 24 das 27 capitais brasileiras em 2024<\/a><\/strong><br \/>&#13;<br \/>\n&gt;\u00a0<a href=\"https:\/\/tudoradio.com\/noticias\/ver\/30507-panorama-radio-fm-observa-mudancas-em-20-das-27-capitais-brasileiras-em-2023\" rel=\"nofollow noopener\" target=\"_blank\"><strong>Panorama: R\u00e1dio FM observa mudan\u00e7as em 20 das 27 capitais brasileiras em 2023<\/strong><\/a><br \/>&#13;<br \/>\n&gt;\u00a0<a href=\"https:\/\/tudoradio.com\/noticias\/ver\/28577-panorama-radio-fm-conta-com-mudancas-em-21-das-27-capitais-brasileiras-em-2022\" rel=\"nofollow noopener\" target=\"_blank\"><strong>Panorama: R\u00e1dio FM conta com mudan\u00e7as em 21 das 27 capitais brasileiras em 2022<\/strong><\/a><br \/>&#13;<br \/>\n&gt;\u00a0<a href=\"https:\/\/tudoradio.com\/noticias\/ver\/26651-panorama-radio-fm-registra-mudancas-em-21-das-27-capitais-brasileiras-em-2021\" rel=\"nofollow noopener\" target=\"_blank\"><strong>Panorama: R\u00e1dio FM registra mudan\u00e7as em 21 das 27 capitais brasileiras em 2021<\/strong><\/a><br \/>&#13;<br \/>\n&gt;\u00a0<a href=\"https:\/\/tudoradio.com\/noticias\/ver\/24630-curiosidade-radio-fm-teve-mudancas-em-23-das-27-capitais-brasileiras-em-2020\" rel=\"nofollow noopener\" target=\"_blank\"><strong>Curiosidade: R\u00e1dio FM teve mudan\u00e7as em 23 das 27 capitais brasileiras em 2020<\/strong><\/a><\/p>\n<p>&#13;<br \/>\n\t\t\t\tTags:&#13;<br \/>\n\t\t\t\tmudan\u00e7as no dial, r\u00e1dios em capitais, TMC FM, expans\u00e3o de redes, migra\u00e7\u00e3o para FM, Antena 1, Jovem Pan News, panorama 2025&#13;\n\t\t\t<\/p>\n","protected":false},"excerpt":{"rendered":"Como tem sido costume nos \u00faltimos anos, o tudoradio.com fecha mais um ciclo realizando um levantamento sobre mudan\u00e7as&hellip;\n","protected":false},"author":2,"featured_media":207816,"comment_status":"","ping_status":"","sticky":false,"template":"","format":"standard","meta":{"footnotes":""},"categories":[141],"tags":[27186,114,115,37034,28212,40922,27207,149,150,40923,32,33,40920,40921],"class_list":{"0":"post-207815","1":"post","2":"type-post","3":"status-publish","4":"format-standard","5":"has-post-thumbnail","7":"category-musica","8":"tag-antena-1","9":"tag-entertainment","10":"tag-entretenimento","11":"tag-expansao-de-redes","12":"tag-jovem-pan-news","13":"tag-migracao-para-fm","14":"tag-mudancas-no-dial","15":"tag-music","16":"tag-musica","17":"tag-panorama-2025","18":"tag-portugal","19":"tag-pt","20":"tag-radios-em-capitais","21":"tag-tmc-fm"},"share_on_mastodon":{"url":"https:\/\/pubeurope.com\/@pt\/115808450880230851","error":""},"_links":{"self":[{"href":"https:\/\/www.europesays.com\/pt\/wp-json\/wp\/v2\/posts\/207815","targetHints":{"allow":["GET"]}}],"collection":[{"href":"https:\/\/www.europesays.com\/pt\/wp-json\/wp\/v2\/posts"}],"about":[{"href":"https:\/\/www.europesays.com\/pt\/wp-json\/wp\/v2\/types\/post"}],"author":[{"embeddable":true,"href":"https:\/\/www.europesays.com\/pt\/wp-json\/wp\/v2\/users\/2"}],"replies":[{"embeddable":true,"href":"https:\/\/www.europesays.com\/pt\/wp-json\/wp\/v2\/comments?post=207815"}],"version-history":[{"count":0,"href":"https:\/\/www.europesays.com\/pt\/wp-json\/wp\/v2\/posts\/207815\/revisions"}],"wp:featuredmedia":[{"embeddable":true,"href":"https:\/\/www.europesays.com\/pt\/wp-json\/wp\/v2\/media\/207816"}],"wp:attachment":[{"href":"https:\/\/www.europesays.com\/pt\/wp-json\/wp\/v2\/media?parent=207815"}],"wp:term":[{"taxonomy":"category","embeddable":true,"href":"https:\/\/www.europesays.com\/pt\/wp-json\/wp\/v2\/categories?post=207815"},{"taxonomy":"post_tag","embeddable":true,"href":"https:\/\/www.europesays.com\/pt\/wp-json\/wp\/v2\/tags?post=207815"}],"curies":[{"name":"wp","href":"https:\/\/api.w.org\/{rel}","templated":true}]}}