{"id":207817,"date":"2025-12-30T12:12:14","date_gmt":"2025-12-30T12:12:14","guid":{"rendered":"https:\/\/www.europesays.com\/pt\/207817\/"},"modified":"2025-12-30T12:12:14","modified_gmt":"2025-12-30T12:12:14","slug":"pepe-correu-a-sao-silvestre-do-porto-e-fez-um-tempo-respeitavel","status":"publish","type":"post","link":"https:\/\/www.europesays.com\/pt\/207817\/","title":{"rendered":"Pepe correu a S\u00e3o Silvestre do Porto e fez um tempo respeit\u00e1vel"},"content":{"rendered":"<p>Pepe foi um dos muitos participantes da S\u00e3o Silvestre do Porto e mostrou que continua em grande forma, apesar de ter terminado a carreira de futebolista h\u00e1 ano e meio.<\/p>\n<p>O ex-jogador do FC Porto e internacional portugu\u00eas completou os dez quil\u00f3metros com o tempo oficial de 42:19 minutos.<\/p>\n<p>Pepe cruzou a meta no 304.\u00ba lugar, mas no escal\u00e3o dele (M40) ficou na 41.\u00aa posi\u00e7\u00e3o.<\/p>\n<p>Ap\u00f3s terminar a carreira de futebolista, Pepe dedicou-se tamb\u00e9m \u00e0 pr\u00e1tica de ciclismo.<\/p>\n<p>\u00ab10km pelas ruas emblem\u00e1ticas do Porto, com um calor humano incr\u00edvel e muito carinho de quem estava a apoiar ao longo do caminho\u00bb, assinalou Pepe numa publica\u00e7\u00e3o na rede social Instagram.<\/p>\n<blockquote class=\"instagram-media\" data-instgrm-captioned=\"\" data-instgrm-permalink=\"https:\/\/www.instagram.com\/p\/DS2djK9igBZ\/?utm_source=ig_embed&amp;utm_campaign=loading\" data-instgrm-version=\"14\" style=\" background:#FFF; border:0; border-radius:3px; box-shadow:0 0 1px 0 rgba(0,0,0,0.5),0 1px 10px 0 rgba(0,0,0,0.15); margin: 1px; max-width:540px; min-width:326px; padding:0; width:99.375%; width:-webkit-calc(100% - 2px); width:calc(100% - 2px);\">\n<\/blockquote>\n<p>                                <script async src=\"\/\/www.instagram.com\/embed.js\"><\/script><\/p>\n","protected":false},"excerpt":{"rendered":"Pepe foi um dos muitos participantes da S\u00e3o Silvestre do Porto e mostrou que continua em grande forma,&hellip;\n","protected":false},"author":2,"featured_media":207818,"comment_status":"","ping_status":"","sticky":false,"template":"","format":"standard","meta":{"footnotes":""},"categories":[87],"tags":[1866,135,282,46,5538,32,33,47,40924,134],"class_list":{"0":"post-207817","1":"post","2":"type-post","3":"status-publish","4":"format-standard","5":"has-post-thumbnail","7":"category-desporto","8":"tag-atletismo","9":"tag-desporto","10":"tag-fc-porto","11":"tag-maisfutebol","12":"tag-pepe","13":"tag-portugal","14":"tag-pt","15":"tag-pura-paixao","16":"tag-sao-silvestre-porto","17":"tag-sports"},"share_on_mastodon":{"url":"https:\/\/pubeurope.com\/@pt\/115808458925792185","error":""},"_links":{"self":[{"href":"https:\/\/www.europesays.com\/pt\/wp-json\/wp\/v2\/posts\/207817","targetHints":{"allow":["GET"]}}],"collection":[{"href":"https:\/\/www.europesays.com\/pt\/wp-json\/wp\/v2\/posts"}],"about":[{"href":"https:\/\/www.europesays.com\/pt\/wp-json\/wp\/v2\/types\/post"}],"author":[{"embeddable":true,"href":"https:\/\/www.europesays.com\/pt\/wp-json\/wp\/v2\/users\/2"}],"replies":[{"embeddable":true,"href":"https:\/\/www.europesays.com\/pt\/wp-json\/wp\/v2\/comments?post=207817"}],"version-history":[{"count":0,"href":"https:\/\/www.europesays.com\/pt\/wp-json\/wp\/v2\/posts\/207817\/revisions"}],"wp:featuredmedia":[{"embeddable":true,"href":"https:\/\/www.europesays.com\/pt\/wp-json\/wp\/v2\/media\/207818"}],"wp:attachment":[{"href":"https:\/\/www.europesays.com\/pt\/wp-json\/wp\/v2\/media?parent=207817"}],"wp:term":[{"taxonomy":"category","embeddable":true,"href":"https:\/\/www.europesays.com\/pt\/wp-json\/wp\/v2\/categories?post=207817"},{"taxonomy":"post_tag","embeddable":true,"href":"https:\/\/www.europesays.com\/pt\/wp-json\/wp\/v2\/tags?post=207817"}],"curies":[{"name":"wp","href":"https:\/\/api.w.org\/{rel}","templated":true}]}}