{"id":207825,"date":"2025-12-30T12:17:11","date_gmt":"2025-12-30T12:17:11","guid":{"rendered":"https:\/\/www.europesays.com\/pt\/207825\/"},"modified":"2025-12-30T12:17:11","modified_gmt":"2025-12-30T12:17:11","slug":"moscovo-acusa-kiev-de-ataques-de-drones-contra-a-residencia-de-putin","status":"publish","type":"post","link":"https:\/\/www.europesays.com\/pt\/207825\/","title":{"rendered":"Moscovo acusa Kiev de ataques de drones contra a resid\u00eancia de Putin"},"content":{"rendered":"<p>&#13;<br \/>\nDe acordo com o ministro russo dos Neg\u00f3cios Estrangeiros, Sergei Lavrov, <b>o &#8220;regime de Kiev&#8221; levou a cabo um &#8220;ataque terrorista&#8221; na \u00faltima noite &#8220;com recurso a 91 drones contra a resid\u00eancia de Estado&#8221; do presidente russo, Vladimir Putin, na regi\u00e3o de Novgorod. <\/b>&#13;\n<\/p>\n<p>Atrav\u00e9s do Telegram, o ministro alertou para uma &#8220;resposta&#8221; ap\u00f3s o ataque. Salientou ainda que o ataque &#8220;foi levado a cabo durante intensas negocia\u00e7\u00f5es entre a R\u00fassia e os Estados Unidos&#8221;.<\/p>\n<p>O presidente ucraniano j\u00e1 veio negar as acusa\u00e7\u00f5es. Nas redes sociais, <b>Volodymyr Zelensky afirmou que se trata de uma &#8220;completa inven\u00e7\u00e3o&#8221; e que a R\u00fassia est\u00e1 a recorrer a &#8220;declara\u00e7\u00f5es perigosas para minar todas as conquistas&#8221; dos esfor\u00e7os diplom\u00e1ticos alcan\u00e7ados entre negociadores ucranianos e norte-americanos.<\/b><\/p>\n<p>&#13;<br \/>\nPor outro lado, o presidente ucraniano l\u00ea as acusa\u00e7\u00f5es russas como<b> uma forma de Moscovo justificar futuros ataques contra a capital da Ucr\u00e2nia, visando em concreto edif\u00edcios governamentais em Kiev.&#13;<br \/>\n<\/b>&#13;\n<\/p>\n<p>&#13;<br \/>\n&#8220;\u00c9 uma completa inven\u00e7\u00e3o destinada a justificar ataques adicionais contra a Ucr\u00e2nia, incluindo Kiev, bem como a pr\u00f3pria recusa da R\u00fassia em tomar as medidas necess\u00e1rias para p\u00f4r fim \u00e0 guerra. S\u00e3o t\u00edpicas mentiras russas. Al\u00e9m disso, os russos j\u00e1 atacaram Kiev no passado, incluindo o edif\u00edcio do Gabinete de Ministros&#8221;, assinalou o presidente ucraniano.&#13;\n<\/p>\n<p>&#13;<br \/>\nTrump ficou &#8220;muito irritado&#8221;&#13;\n<\/p>\n<p>&#13;<br \/>\nAinda que Kiev desminta este ataque, Moscovo j\u00e1 prepara grandes mudan\u00e7as em resposta \u00e0 alegada investida ucraniana.<b> Esta segunda-feira, numa conversa telef\u00f3nica com Donald Trump, o presidente russo informou o hom\u00f3logo norte-americano que a R\u00fassia ir\u00e1 &#8220;reavaliar&#8221; a sua posi\u00e7\u00e3o nas negocia\u00e7\u00f5es de paz.&#13;<br \/>\n<\/b>&#13;\n<\/p>\n<p>&#13;<br \/>\nYuri Ushakov, conselheiro de pol\u00edtica externa do Kremlin, indicou esta segunda-feira que Vladimir Putin e Donald Trump conversaram esta segunda-feira por telefone e que o presidente norte-americano e os seus principais conselheiros informaram o presidente russo sobre os avan\u00e7os nas negocia\u00e7\u00f5es com a Ucr\u00e2nia. Por sua vez, os respons\u00e1veis russos deram a conhecer a inten\u00e7\u00e3o de &#8220;reavaliar&#8221; a posi\u00e7\u00e3o russa na sequ\u00eancia dos desenvolvimentos recentes.\u00a0&#13;\n<\/p>\n<p>&#13;<br \/>\nDe acordo com a Casa Branca, Donald Trump teve uma conversa &#8220;positiva&#8221; com Putin sobre a guerra na Ucr\u00e2nia, segundo indicou a porta-voz Karoline Leavitt na rede social X.\u00a0&#13;\n<\/p>\n<p>&#13;<br \/>\nHoras depois, <b>em declara\u00e7\u00f5es a partir da Florida, o presidente norte-americano disse estar &#8220;muito irritado&#8221; com o suposto ataque ucraniano.\u00a0<\/b>&#13;\n<\/p>\n<p>&#13;<br \/>\n&#8220;Sabem quem me falou disto? O presidente Putin, esta manh\u00e3. Disse que foi atacado. Isto n\u00e3o \u00e9 bom&#8221;, afirmou Donald Trump.&#13;\n<\/p>\n<p>&#13;<br \/>\nAcrescentou que, devido \u00e0s negocia\u00e7\u00f5es, o atual momento \u00e9 &#8220;delicado&#8221;. <b>&#8220;Uma coisa \u00e9 ser atacado porque est\u00e3o a atacar. Outra coisa \u00e9 atacar a pr\u00f3pria casa&#8221;<\/b>, afirmou Donald Trump.\u00a0&#13;\n<\/p>\n<p>Estes desenvolvimentos ocorrem um dia depois do encontro entre o presidente norte-americano e o hom\u00f3logo ucraniano. Segundo revelou Volodymyr Zelensky, os Estados Unidos <a href=\"https:\/\/www.rtp.pt\/noticias\/mundo\/zelensky-quer-referendo-ao-plano-de-paz-negociado-com-os-estados-unidos_n1706735\" target=\"_blank\" rel=\"nofollow noopener\">ofereceram na reun\u00e3o &#8220;fortes garantias de seguran\u00e7a&#8221;<\/a> \u00e0 Ucr\u00e2nia por um per\u00edodo de 15 anos prorrog\u00e1veis.\u00a0<\/p>\n<p>&#13;<br \/>\nO chefe de Estado ucraniano defendeu ainda que a presen\u00e7a de &#8220;tropas internacionais&#8221; na Ucr\u00e2nia, possibilidade que tem sido rejeitada pelo Kremlin, seria uma garantia de seguran\u00e7a necess\u00e1ria e &#8220;real&#8221; que fortaleceria a confian\u00e7a perante os riscos de uma nova agress\u00e3o russa.&#13;<\/p>\n","protected":false},"excerpt":{"rendered":"&#13; De acordo com o ministro russo dos Neg\u00f3cios Estrangeiros, Sergei Lavrov, o &#8220;regime de Kiev&#8221; levou a&hellip;\n","protected":false},"author":2,"featured_media":207826,"comment_status":"","ping_status":"","sticky":false,"template":"","format":"standard","meta":{"footnotes":""},"categories":[50],"tags":[27,28,15,16,830,14,25,26,21,22,62,12,13,19,20,23,24,839,17,18,840,29,30,31,63,64,65],"class_list":{"0":"post-207825","1":"post","2":"type-post","3":"status-publish","4":"format-standard","5":"has-post-thumbnail","7":"category-mundo","8":"tag-breaking-news","9":"tag-breakingnews","10":"tag-featured-news","11":"tag-featurednews","12":"tag-guerra","13":"tag-headlines","14":"tag-latest-news","15":"tag-latestnews","16":"tag-main-news","17":"tag-mainnews","18":"tag-mundo","19":"tag-news","20":"tag-noticias","21":"tag-noticias-principais","22":"tag-noticiasprincipais","23":"tag-principais-noticias","24":"tag-principaisnoticias","25":"tag-russia","26":"tag-top-stories","27":"tag-topstories","28":"tag-ucrania","29":"tag-ultimas","30":"tag-ultimas-noticias","31":"tag-ultimasnoticias","32":"tag-world","33":"tag-world-news","34":"tag-worldnews"},"share_on_mastodon":{"url":"https:\/\/pubeurope.com\/@pt\/115808478452938599","error":""},"_links":{"self":[{"href":"https:\/\/www.europesays.com\/pt\/wp-json\/wp\/v2\/posts\/207825","targetHints":{"allow":["GET"]}}],"collection":[{"href":"https:\/\/www.europesays.com\/pt\/wp-json\/wp\/v2\/posts"}],"about":[{"href":"https:\/\/www.europesays.com\/pt\/wp-json\/wp\/v2\/types\/post"}],"author":[{"embeddable":true,"href":"https:\/\/www.europesays.com\/pt\/wp-json\/wp\/v2\/users\/2"}],"replies":[{"embeddable":true,"href":"https:\/\/www.europesays.com\/pt\/wp-json\/wp\/v2\/comments?post=207825"}],"version-history":[{"count":0,"href":"https:\/\/www.europesays.com\/pt\/wp-json\/wp\/v2\/posts\/207825\/revisions"}],"wp:featuredmedia":[{"embeddable":true,"href":"https:\/\/www.europesays.com\/pt\/wp-json\/wp\/v2\/media\/207826"}],"wp:attachment":[{"href":"https:\/\/www.europesays.com\/pt\/wp-json\/wp\/v2\/media?parent=207825"}],"wp:term":[{"taxonomy":"category","embeddable":true,"href":"https:\/\/www.europesays.com\/pt\/wp-json\/wp\/v2\/categories?post=207825"},{"taxonomy":"post_tag","embeddable":true,"href":"https:\/\/www.europesays.com\/pt\/wp-json\/wp\/v2\/tags?post=207825"}],"curies":[{"name":"wp","href":"https:\/\/api.w.org\/{rel}","templated":true}]}}