{"id":207830,"date":"2025-12-30T12:20:14","date_gmt":"2025-12-30T12:20:14","guid":{"rendered":"https:\/\/www.europesays.com\/pt\/207830\/"},"modified":"2025-12-30T12:20:14","modified_gmt":"2025-12-30T12:20:14","slug":"os-bebes-de-2025-relembre-os-filhos-de-famosos-que-nasceram-neste-ano-extra-online","status":"publish","type":"post","link":"https:\/\/www.europesays.com\/pt\/207830\/","title":{"rendered":"Os beb\u00eas de 2025! Relembre os filhos de famosos que nasceram neste ano &#8211; Extra online"},"content":{"rendered":"<ol>\n<li><a href=\"https:\/\/news.google.com\/rss\/articles\/CBMiygFBVV95cUxNNXgxdUc3d0NLWEFydXlJVm1NNmpDU1FGTExuZEV0MjR0YThlSEthN21SelZPWW5ZOFpaaDJPMmZ1WXdBSHRJeUpORk8zVG9md0tWTmJhNmNaNkpiTTc2WlpfWmdURUMyYVFDNFZXLWFpRFZxNnU0YS1GYTE1YV9nRm91eW5RWFhhaWNHX1VVU2hjZTJua2xrSVdON0M1dmhMbDFIdjhEQTBDNEx1d2lRWlU3NEN5WXhSbkkyV2dFSTEtR1FsUU12RWd30gHYAUFVX3lxTE54M1k0VGpzVzdKLWxNYmFLclRqVFdFcXNoUXF1Mm5DcjJDVXN2LXk1MllDWE5md1d6ZzVNdUVOWmpfVEtNNFA3VGtOWWZPMURNY0dDN1JYR2tCNXBJNFZmTDc2d19IUlZoQzNZMzJMWVlYZkRnb3VINE5YNTBvNUwyOERqbjR0dXcyeXRsQUNPY0dLQUgxQnpfajM5SXI5ZEp6WXZvTmVnUk5BbmFBa1hYXzFHcjhKMi03ZUtGV19kRmZsb3RJSTIwX1BPQ0hJeHBCUVZfSnpvZg?oc=5\" target=\"_blank\" rel=\"nofollow noopener\">Os beb\u00eas de 2025! Relembre os filhos de famosos que nasceram neste ano<\/a>&nbsp;&nbsp;Extra online<\/li>\n<li><a href=\"https:\/\/news.google.com\/rss\/articles\/CBMiREFVX3lxTE1uSzFCTFc2R2xoUG8xZ0hGSmptUWRTQ05wRW1SOUtYT3pZUGNHNVljczJveE1ZLWFGQ1VWWFZFbUpzR2cy?oc=5\" target=\"_blank\" rel=\"nofollow noopener\">Thiaguinho, Ludmilla e Jo\u00e3o Gomes: relembre famosos que aumentaram a fam\u00edlia em 2025<\/a>&nbsp;&nbsp;Isto\u00c9<\/li>\n<li><a href=\"https:\/\/news.google.com\/rss\/articles\/CBMilAFBVV95cUxOcjVyN2tyQTZfOGV6anRCYlUtOGxJTDV6Tk11c1FiWHlKM0dEM1ZmWDJTNzE5NlN6eTBrOTlTTDFzLVY0b2dFbnMyVllfUTVvOENOYks5WVc2Wm9XNGdGblBZNmlJcW9jNW95N09TdWZPcE5vNzZrWmdPVGxBbDZJaGk4ZGtydTBwQml4UDdxbFFucUxC?oc=5\" target=\"_blank\" rel=\"nofollow noopener\">Quem nasceu em 2025? Veja os beb\u00eas dos famosos m\u00eas a m\u00eas<\/a>&nbsp;&nbsp;OFuxico<\/li>\n<li><a href=\"https:\/\/news.google.com\/rss\/articles\/CBMi6wFBVV95cUxPWGdMR2ItRzhCeEhsMFA5R3ZGeGtVdWpPUmhUS1JEV1hsWHV1eG95S0xVSklFOEo5QndmWldya0tuWkJOUDRJc0FDLVppVTA1RE5qWkpmMW5XeWl1TDRXcldFNnBLRVdXaDFpNkhNSVdBU0lvRkFqM29sQ1psVFpuN1k4Z0REQXhPbGotNmJqUWNxVzg4dTNFbTFUeGoxMVBiY3l3OFhqdmpiaUVkaExFVmxDUHk2REdscDRTNkFxLUwwZXpBVEN2bXdmS211eTVOclpHRjhnY1B3cUtHSzRGd2dyWGdTWWxXQ21N?oc=5\" target=\"_blank\" rel=\"nofollow noopener\">De Ludmilla a Mariana Rios: os filhos dos famosos que nasceram em 2025<\/a>&nbsp;&nbsp;Terra<\/li>\n<li><a href=\"https:\/\/news.google.com\/rss\/articles\/CBMitwFBVV95cUxQdVF2eVh3WVM0TEw0X19Vc3VueWRTQWV0NGNScTZCWnQ0MVBpbDdFVlpIUVJob2F4RWdzRndaNkMxUDdGb0s3WUliR2V4bWR2Nk91MXZZeERNaEs0YzYzYjZPNmljaHZJT29FNXFoSE9oNzFYQkhfZHpDMURVTXNtU0ZWS2Vkc3pxaV9QOW1PNUVjbGxtR2p0Q3VsQm1tZHdzNXNYd0lkTnFhRkU1Rm5ubm5vTGtGZjg?oc=5\" target=\"_blank\" rel=\"nofollow noopener\">Terreno f\u00e9rtil: confira os famosos que tiveram filhos em 2025<\/a>&nbsp;&nbsp;Bahia Not\u00edcias<\/li>\n<\/ol>\n","protected":false},"excerpt":{"rendered":"Os beb\u00eas de 2025! Relembre os filhos de famosos que nasceram neste ano&nbsp;&nbsp;Extra online Thiaguinho, Ludmilla e Jo\u00e3o&hellip;\n","protected":false},"author":2,"featured_media":207831,"comment_status":"","ping_status":"","sticky":false,"template":"","format":"standard","meta":{"footnotes":""},"categories":[145],"tags":[211,210,114,115,32,33],"class_list":{"0":"post-207830","1":"post","2":"type-post","3":"status-publish","4":"format-standard","5":"has-post-thumbnail","7":"category-celebridades","8":"tag-celebridades","9":"tag-celebrities","10":"tag-entertainment","11":"tag-entretenimento","12":"tag-portugal","13":"tag-pt"},"share_on_mastodon":{"url":"https:\/\/pubeurope.com\/@pt\/115808490181633876","error":""},"_links":{"self":[{"href":"https:\/\/www.europesays.com\/pt\/wp-json\/wp\/v2\/posts\/207830","targetHints":{"allow":["GET"]}}],"collection":[{"href":"https:\/\/www.europesays.com\/pt\/wp-json\/wp\/v2\/posts"}],"about":[{"href":"https:\/\/www.europesays.com\/pt\/wp-json\/wp\/v2\/types\/post"}],"author":[{"embeddable":true,"href":"https:\/\/www.europesays.com\/pt\/wp-json\/wp\/v2\/users\/2"}],"replies":[{"embeddable":true,"href":"https:\/\/www.europesays.com\/pt\/wp-json\/wp\/v2\/comments?post=207830"}],"version-history":[{"count":0,"href":"https:\/\/www.europesays.com\/pt\/wp-json\/wp\/v2\/posts\/207830\/revisions"}],"wp:featuredmedia":[{"embeddable":true,"href":"https:\/\/www.europesays.com\/pt\/wp-json\/wp\/v2\/media\/207831"}],"wp:attachment":[{"href":"https:\/\/www.europesays.com\/pt\/wp-json\/wp\/v2\/media?parent=207830"}],"wp:term":[{"taxonomy":"category","embeddable":true,"href":"https:\/\/www.europesays.com\/pt\/wp-json\/wp\/v2\/categories?post=207830"},{"taxonomy":"post_tag","embeddable":true,"href":"https:\/\/www.europesays.com\/pt\/wp-json\/wp\/v2\/tags?post=207830"}],"curies":[{"name":"wp","href":"https:\/\/api.w.org\/{rel}","templated":true}]}}