{"id":207832,"date":"2025-12-30T12:21:07","date_gmt":"2025-12-30T12:21:07","guid":{"rendered":"https:\/\/www.europesays.com\/pt\/207832\/"},"modified":"2025-12-30T12:21:07","modified_gmt":"2025-12-30T12:21:07","slug":"morre-aos-35-anos-o-fotografo-magno-virginio-conhecido-como-fotografo-dos-famosos","status":"publish","type":"post","link":"https:\/\/www.europesays.com\/pt\/207832\/","title":{"rendered":"Morre aos 35 anos o fot\u00f3grafo Magno Virg\u00ednio, conhecido como \u2018fot\u00f3grafo dos famosos\u2019"},"content":{"rendered":"<p>Morreu nesta \u00faltima segunda-feira (29), o fot\u00f3grafo Magno Virg\u00ednio, um dos nomes mais conhecidos da fotografia social e de eventos da Para\u00edba. <\/p>\n<p>Ele estava internado na UPA de Bayeux, onde n\u00e3o resistiu \u00e0s complica\u00e7\u00f5es de uma infec\u00e7\u00e3o generalizada.<\/p>\n<p>Segundo informa\u00e7\u00f5es, Magno enfrentava um quadro de pneumonia associado a uma infec\u00e7\u00e3o urin\u00e1ria. O estado de sa\u00fade se agravou nos \u00faltimos dias, evoluindo para sepse, o que levou ao \u00f3bito.<\/p>\n<p>Magno iniciou sua liga\u00e7\u00e3o com o turismo ainda na inf\u00e2ncia. Aos\u00a0<strong>11 anos<\/strong>, come\u00e7ou a atuar como\u00a0<strong>guia mirim<\/strong>\u00a0no\u00a0<strong>Centro Hist\u00f3rico de Jo\u00e3o Pessoa<\/strong>, experi\u00eancia que despertou sua voca\u00e7\u00e3o e o aproximou da fotografia. Segundo ele relatava, o interesse surgiu quando turistas pediam que registrasse momentos durante os passeios.<\/p>\n<p>Aos\u00a0<strong>12 anos<\/strong>, ganhou destaque nacional ao ser entrevistado pela\u00a0<strong>TV Bandeirantes<\/strong>, o que ampliou sua visibilidade e abriu portas profissionais. <\/p>\n<p>Com o tempo, se qualificou com cursos do\u00a0<strong>SENAC Jo\u00e3o Pessoa<\/strong>\u00a0e passou a trabalhar como\u00a0<strong>fot\u00f3grafo profissional<\/strong>, passando a ser conhecido popularmente como o \u201cfot\u00f3grafo dos famosos\u201d, registrando\u00a0<strong>eventos, paisagens, patrim\u00f4nios hist\u00f3ricos<\/strong>\u00a0e personalidades locais.<\/p>\n<p>Informa\u00e7\u00f5es sobre vel\u00f3rio e sepultamento n\u00e3o haviam sido divulgadas at\u00e9 a \u00faltima atualiza\u00e7\u00e3o desta mat\u00e9ria.<\/p>\n<p>Fonte: O Povo PB<br \/>Cr\u00e9ditos: Pol\u00eamica Para\u00edba<\/p>\n","protected":false},"excerpt":{"rendered":"Morreu nesta \u00faltima segunda-feira (29), o fot\u00f3grafo Magno Virg\u00ednio, um dos nomes mais conhecidos da fotografia social e&hellip;\n","protected":false},"author":2,"featured_media":207833,"comment_status":"","ping_status":"","sticky":false,"template":"","format":"standard","meta":{"footnotes":""},"categories":[144],"tags":[207,205,206,203,201,202,40925,204,114,115,327,1339,32,33,7343],"class_list":{"0":"post-207832","1":"post","2":"type-post","3":"status-publish","4":"format-standard","5":"has-post-thumbnail","7":"category-arte-e-design","8":"tag-arte","9":"tag-arte-e-design","10":"tag-artedesign","11":"tag-arts","12":"tag-arts-and-design","13":"tag-artsanddesign","14":"tag-bayeux","15":"tag-design","16":"tag-entertainment","17":"tag-entretenimento","18":"tag-fotografo","19":"tag-luto","20":"tag-portugal","21":"tag-pt","22":"tag-tragedia"},"share_on_mastodon":{"url":"https:\/\/pubeurope.com\/@pt\/115808494084333164","error":""},"_links":{"self":[{"href":"https:\/\/www.europesays.com\/pt\/wp-json\/wp\/v2\/posts\/207832","targetHints":{"allow":["GET"]}}],"collection":[{"href":"https:\/\/www.europesays.com\/pt\/wp-json\/wp\/v2\/posts"}],"about":[{"href":"https:\/\/www.europesays.com\/pt\/wp-json\/wp\/v2\/types\/post"}],"author":[{"embeddable":true,"href":"https:\/\/www.europesays.com\/pt\/wp-json\/wp\/v2\/users\/2"}],"replies":[{"embeddable":true,"href":"https:\/\/www.europesays.com\/pt\/wp-json\/wp\/v2\/comments?post=207832"}],"version-history":[{"count":0,"href":"https:\/\/www.europesays.com\/pt\/wp-json\/wp\/v2\/posts\/207832\/revisions"}],"wp:featuredmedia":[{"embeddable":true,"href":"https:\/\/www.europesays.com\/pt\/wp-json\/wp\/v2\/media\/207833"}],"wp:attachment":[{"href":"https:\/\/www.europesays.com\/pt\/wp-json\/wp\/v2\/media?parent=207832"}],"wp:term":[{"taxonomy":"category","embeddable":true,"href":"https:\/\/www.europesays.com\/pt\/wp-json\/wp\/v2\/categories?post=207832"},{"taxonomy":"post_tag","embeddable":true,"href":"https:\/\/www.europesays.com\/pt\/wp-json\/wp\/v2\/tags?post=207832"}],"curies":[{"name":"wp","href":"https:\/\/api.w.org\/{rel}","templated":true}]}}