{"id":207849,"date":"2025-12-30T12:33:22","date_gmt":"2025-12-30T12:33:22","guid":{"rendered":"https:\/\/www.europesays.com\/pt\/207849\/"},"modified":"2025-12-30T12:33:22","modified_gmt":"2025-12-30T12:33:22","slug":"benfica-sporting-bilhetes-campeonato-hoquei","status":"publish","type":"post","link":"https:\/\/www.europesays.com\/pt\/207849\/","title":{"rendered":"Benfica Sporting Bilhetes Campeonato H\u00f3quei"},"content":{"rendered":"<p>&#13;<br \/>\n&#13;<br \/>\n                        Futebol&#13;\n                    <\/p>\n<p class=\"news-title\">SC Braga-Benfica em imagens<\/p>\n<p>&#13;<br \/>\n                        Foi com um empate (2-2) que o Benfica fechou as contas de 2025. Na \u00faltima partida do ano civil, as \u00e1guias viajaram at\u00e9 ao Minho onde, no Est\u00e1dio Municipal de Braga, enfrentaram os arsenalistas, numa partida da 16.\u00aa jornada da Liga Betclic. O capit\u00e3o Otamendi, aos 29&#8242;, deu vantagem aos encarnados; Rodrigo Zalazar, de pen\u00e1lti (38&#8242;), igualou; Pau Victor (45&#8217;+1&#8242;) rematou para o 2-1, e Aursnes \u2013 considerado o Man of the Match \u2013, aos 53&#8242;, refez a igualdade. Divis\u00e3o de pontos injusta, em face do produzido e do concretizado (foi anulado \u00e0s \u00e1guias um golo limpo ao minuto 74)!&#13;\n                    <\/p>\n","protected":false},"excerpt":{"rendered":"&#13; &#13; Futebol&#13; SC Braga-Benfica em imagens &#13; Foi com um empate (2-2) que o Benfica fechou as&hellip;\n","protected":false},"author":2,"featured_media":207850,"comment_status":"","ping_status":"","sticky":false,"template":"","format":"standard","meta":{"footnotes":""},"categories":[8],"tags":[27,28,15,16,14,25,26,21,22,12,13,19,20,32,23,24,33,17,18,29,30,31],"class_list":{"0":"post-207849","1":"post","2":"type-post","3":"status-publish","4":"format-standard","5":"has-post-thumbnail","7":"category-principais-noticias","8":"tag-breaking-news","9":"tag-breakingnews","10":"tag-featured-news","11":"tag-featurednews","12":"tag-headlines","13":"tag-latest-news","14":"tag-latestnews","15":"tag-main-news","16":"tag-mainnews","17":"tag-news","18":"tag-noticias","19":"tag-noticias-principais","20":"tag-noticiasprincipais","21":"tag-portugal","22":"tag-principais-noticias","23":"tag-principaisnoticias","24":"tag-pt","25":"tag-top-stories","26":"tag-topstories","27":"tag-ultimas","28":"tag-ultimas-noticias","29":"tag-ultimasnoticias"},"share_on_mastodon":{"url":"https:\/\/pubeurope.com\/@pt\/115808541503058964","error":""},"_links":{"self":[{"href":"https:\/\/www.europesays.com\/pt\/wp-json\/wp\/v2\/posts\/207849","targetHints":{"allow":["GET"]}}],"collection":[{"href":"https:\/\/www.europesays.com\/pt\/wp-json\/wp\/v2\/posts"}],"about":[{"href":"https:\/\/www.europesays.com\/pt\/wp-json\/wp\/v2\/types\/post"}],"author":[{"embeddable":true,"href":"https:\/\/www.europesays.com\/pt\/wp-json\/wp\/v2\/users\/2"}],"replies":[{"embeddable":true,"href":"https:\/\/www.europesays.com\/pt\/wp-json\/wp\/v2\/comments?post=207849"}],"version-history":[{"count":0,"href":"https:\/\/www.europesays.com\/pt\/wp-json\/wp\/v2\/posts\/207849\/revisions"}],"wp:featuredmedia":[{"embeddable":true,"href":"https:\/\/www.europesays.com\/pt\/wp-json\/wp\/v2\/media\/207850"}],"wp:attachment":[{"href":"https:\/\/www.europesays.com\/pt\/wp-json\/wp\/v2\/media?parent=207849"}],"wp:term":[{"taxonomy":"category","embeddable":true,"href":"https:\/\/www.europesays.com\/pt\/wp-json\/wp\/v2\/categories?post=207849"},{"taxonomy":"post_tag","embeddable":true,"href":"https:\/\/www.europesays.com\/pt\/wp-json\/wp\/v2\/tags?post=207849"}],"curies":[{"name":"wp","href":"https:\/\/api.w.org\/{rel}","templated":true}]}}