{"id":207851,"date":"2025-12-30T12:34:08","date_gmt":"2025-12-30T12:34:08","guid":{"rendered":"https:\/\/www.europesays.com\/pt\/207851\/"},"modified":"2025-12-30T12:34:08","modified_gmt":"2025-12-30T12:34:08","slug":"eliezer-detalha-serie-de-contratempos-em-viagem-de-fim-de-ano-energia-do-perrengue","status":"publish","type":"post","link":"https:\/\/www.europesays.com\/pt\/207851\/","title":{"rendered":"Eliezer detalha s\u00e9rie de contratempos em viagem de fim de ano: &#8220;Energia do perrengue&#8221;"},"content":{"rendered":"<p><a href=\"https:\/\/caras.com.br\/tags\/eliezer\" rel=\"nofollow noopener\" target=\"_blank\"><strong>Eliezer<\/strong><\/a> usou as redes sociais nesta segunda-feira, 29, para relatar uma s\u00e9rie de imprevistos vividos durante uma viagem em fam\u00edlia com <a href=\"https:\/\/caras.com.br\/tags\/viih-tube\" rel=\"nofollow noopener\" target=\"_blank\"><strong>Viih Tube<\/strong><\/a> aos Estados Unidos. O influenciador contou que o trajeto at\u00e9 o destino escolhido para o Ano Novo foi marcado por situa\u00e7\u00f5es inesperadas que come\u00e7aram ainda no embarque.<\/p>\n<p>Segundo Eliezer, o principal susto aconteceu ao chegar ao pa\u00eds, quando descobriu que o visto da filha <strong><a href=\"https:\/\/caras.com.br\/tags\/lua_2\" rel=\"nofollow noopener\" target=\"_blank\">Lua<\/a>,<\/strong> de 2 anos, havia sido cancelado pelas autoridades norte-americanas. Al\u00e9m disso, a bab\u00e1 que auxiliaria nos cuidados com as crian\u00e7as n\u00e3o conseguiu embarcar, o que exigiu uma reorganiza\u00e7\u00e3o imediata dos planos da fam\u00edlia.<\/p>\n<p>Ao explicar a situa\u00e7\u00e3o, Eliezer detalhou que Lua possui dois passaportes. O primeiro, emitido ainda quando era beb\u00ea, continha o visto americano, mas j\u00e1 estava vencido. O segundo, mais recente, \u00e9 o documento v\u00e1lido atualmente. No sistema da imigra\u00e7\u00e3o dos Estados Unidos, por\u00e9m, o passaporte antigo apareceu como perdido ou roubado.<\/p>\n<p>\u201cQuando \u00e9 assim, por seguran\u00e7a, o visto daquele passaporte \u00e9 automaticamente cancelado. A gente s\u00f3 descobriu quando chegou aqui\u201d, contou. Diante do impasse, as autoridades riscaram o visto no documento antigo, mas concederam uma autoriza\u00e7\u00e3o especial para que a crian\u00e7a pudesse permanecer no pa\u00eds durante a viagem.<\/p>\n<p>\u201cEle riscou o visto da Lua no passaporte e nos deu um papel de permiss\u00e3o para ficar aqui por esses dias\u201d, explicou Eliezer, tranquilizando os seguidores ao informar que o problema foi resolvido ainda na madrugada.<\/p>\n<p> <img loading=\"lazy\" decoding=\"async\" class=\"wp-image-1051077 size-full img-fluid lazy\" alt=\"Stories de Eliezer - Foto: Reprodu\u00e7\u00e3o \/ Instagram\" width=\"1290\" height=\"2293\" src=\"https:\/\/www.europesays.com\/pt\/wp-content\/uploads\/2025\/12\/607816649_18545795473046727_6166264579441402148_n.jpg\"  \/>Stories de Eliezer \u2013 Foto: Reprodu\u00e7\u00e3o \/ Instagram Bagagem extraviada e clima de bom humor <\/p>\n<p>Os perrengues n\u00e3o pararam por a\u00ed. Eliezer tamb\u00e9m contou que a fam\u00edlia embarcou no domingo, 28, com uma grande quantidade de malas, algo que ele mesmo brincou nas redes sociais antes da viagem. No entanto, uma das bagagens n\u00e3o chegou ao destino final, justamente a mala de Lua, com todos os itens da crian\u00e7a.<\/p>\n<p>\u201cN\u00e3o tem jeito, nunca \u00e9 normal. A gente tem a energia do perrengue. N\u00e3o sei o que acontece\u201d, comentou, mantendo o bom humor apesar dos contratempos.<\/p>\n<p> <img loading=\"lazy\" decoding=\"async\" class=\"wp-image-1051076 size-full img-fluid lazy\" alt=\"Stories de Eliezer - Foto: Reprodu\u00e7\u00e3o \/ Instagram\" width=\"1290\" height=\"2293\" src=\"https:\/\/www.europesays.com\/pt\/wp-content\/uploads\/2025\/12\/607741263_18545795626046727_6884738106434219394_n.jpg\"  \/>Stories de Eliezer \u2013 Foto: Reprodu\u00e7\u00e3o \/ Instagram <\/p>\n<p>Leia tamb\u00e9m: <a href=\"https:\/\/caras.com.br\/atualidades\/eliezer-explica-por-que-sua-mae-foi-embora-de-sua-casa-apos-meses-com-ele-e-viih-tube.phtml\" rel=\"nofollow noopener\" target=\"_blank\">Eliezer explica por que sua m\u00e3e foi embora de sua casa ap\u00f3s meses com ele e Viih Tube<\/a><\/p>\n<p>        <a href=\"https:\/\/caras.com.br\/autor\/izabella-nicolau\" rel=\"nofollow noopener\" target=\"_blank\">&#13;<br \/>\n          <img loading=\"lazy\" decoding=\"async\" alt=\"Izabella Nicolau\" src=\"https:\/\/www.europesays.com\/pt\/wp-content\/uploads\/2025\/10\/1761546134_794_whatsapp_image_2025-08-12_at_15.10.50_1_sqmd.jpeg\" class=\"avatar avatar-115 photo rounded-circle\" height=\"115\" width=\"115\"\/>        <\/a><\/p>\n<p><strong>Izabella Nicolau<\/strong> \u00e9 rep\u00f3rter de conte\u00fado do site CARAS. Formada em jornalismo, j\u00e1 passou por sites como Observat\u00f3rio do Cinema e Ultraverso. Escreve sobre cultura, entretenimento e celebridades.<\/p>\n","protected":false},"excerpt":{"rendered":"Eliezer usou as redes sociais nesta segunda-feira, 29, para relatar uma s\u00e9rie de imprevistos vividos durante uma viagem&hellip;\n","protected":false},"author":2,"featured_media":207852,"comment_status":"","ping_status":"","sticky":false,"template":"","format":"standard","meta":{"footnotes":""},"categories":[145],"tags":[211,210,5653,114,115,32,33,814,12756],"class_list":{"0":"post-207851","1":"post","2":"type-post","3":"status-publish","4":"format-standard","5":"has-post-thumbnail","7":"category-celebridades","8":"tag-celebridades","9":"tag-celebrities","10":"tag-eliezer","11":"tag-entertainment","12":"tag-entretenimento","13":"tag-portugal","14":"tag-pt","15":"tag-viagem","16":"tag-viih-tube"},"share_on_mastodon":{"url":"https:\/\/pubeurope.com\/@pt\/115808545234927923","error":""},"_links":{"self":[{"href":"https:\/\/www.europesays.com\/pt\/wp-json\/wp\/v2\/posts\/207851","targetHints":{"allow":["GET"]}}],"collection":[{"href":"https:\/\/www.europesays.com\/pt\/wp-json\/wp\/v2\/posts"}],"about":[{"href":"https:\/\/www.europesays.com\/pt\/wp-json\/wp\/v2\/types\/post"}],"author":[{"embeddable":true,"href":"https:\/\/www.europesays.com\/pt\/wp-json\/wp\/v2\/users\/2"}],"replies":[{"embeddable":true,"href":"https:\/\/www.europesays.com\/pt\/wp-json\/wp\/v2\/comments?post=207851"}],"version-history":[{"count":0,"href":"https:\/\/www.europesays.com\/pt\/wp-json\/wp\/v2\/posts\/207851\/revisions"}],"wp:featuredmedia":[{"embeddable":true,"href":"https:\/\/www.europesays.com\/pt\/wp-json\/wp\/v2\/media\/207852"}],"wp:attachment":[{"href":"https:\/\/www.europesays.com\/pt\/wp-json\/wp\/v2\/media?parent=207851"}],"wp:term":[{"taxonomy":"category","embeddable":true,"href":"https:\/\/www.europesays.com\/pt\/wp-json\/wp\/v2\/categories?post=207851"},{"taxonomy":"post_tag","embeddable":true,"href":"https:\/\/www.europesays.com\/pt\/wp-json\/wp\/v2\/tags?post=207851"}],"curies":[{"name":"wp","href":"https:\/\/api.w.org\/{rel}","templated":true}]}}