{"id":207853,"date":"2025-12-30T12:37:06","date_gmt":"2025-12-30T12:37:06","guid":{"rendered":"https:\/\/www.europesays.com\/pt\/207853\/"},"modified":"2025-12-30T12:37:06","modified_gmt":"2025-12-30T12:37:06","slug":"bomba-em-terra-forte-delfina-descobre-que-flor-renunciou-a-heranca-novelas","status":"publish","type":"post","link":"https:\/\/www.europesays.com\/pt\/207853\/","title":{"rendered":"Bomba em \u00abTerra Forte\u00bb: Delfina descobre que Flor renunciou a heran\u00e7a &#8211; Novelas"},"content":{"rendered":"<p>Em \u00abTerra Forte\u00bb, <a href=\"https:\/\/tvi.iol.pt\/novelas\/videos\/terra-forte-no-dia-do-seu-aniversario-flor-recebe-uma-visita-inesperada\/68f65c7a0cf29d28d82976c8\" rel=\"nofollow noopener\" target=\"_blank\">Flor (Benedita Pereira)<\/a> vem ter por engano ao armaz\u00e9m. Delfina (Elsa Galv\u00e3o) pergunta-lhe se precisa de alguma coisa, estranhando que Flor diga que ficou com nostalgia de estar ali. Flor esbo\u00e7a ar aflito por ter dito aquilo. Delfina diz a Flor que devia pensar em assumir a gest\u00e3o da A\u00e7oreana, queixando-se que desde que <a href=\"https:\/\/tvi.iol.pt\/novelas\/videos\/terra-forte-maria-de-fatima-e-manuel-tinham-um-caso\/68f65cdc0cf29d28d82976cb\" rel=\"nofollow noopener\" target=\"_blank\">Maria de F\u00e1tima (Rita Pereira)<\/a> assumiu a empresa se perdeu a perten\u00e7a de fam\u00edlia, tal como existia nos tempos de Manuel. Delfina sonda Flor sobre se aconteceu alguma coisa entre ela e Maria de F\u00e1tima, mas Flor recusa-se a falar.<\/p>\n<p>Delfina avan\u00e7a para o gabinete de Maria de F\u00e1tima com uma relutante Marilene a seu lado, com Delfina a insistir querer saber por a patroa esteve reunida com Flor, um not\u00e1rio e um advogado, prometendo em troca n\u00e3o dizer a ningu\u00e9m que ela anda enrolada com o diretor financeiro. Delfina, j\u00e1 no gabinete de Maria de F\u00e1tima, sorri triunfal. Olha em volta a perceber onde procurar informa\u00e7\u00f5es. Delfina repara no documento assinado por Flor e Maria de F\u00e1tima, ficando a l\u00ea-lo at\u00f3nita. Delfina tira v\u00e1rias fotografias ao documento, dizendo enigm\u00e1tica a Marilene que o que est\u00e1 a fazer vai ser capaz de mudar vidas. Marilene empurra Delfina para fora dali antes que Maria de F\u00e1tima apare\u00e7a.<\/p>\n<p>Delfina entra disparada no Ninho a dizer a S\u00f3nia (Mafalda Tavares) ter descoberto algo bomb\u00e1stico, mas n\u00e3o saber que fazer com a informa\u00e7\u00e3o. S\u00f3nia v\u00ea o que ela lhe mostra no telem\u00f3vel com ar chocado. Rufino segue atento a conversa. S\u00f3nia fala com Delfina sobre n\u00e3o fazer sentido nenhum Flor ter renunciado a toda a heran\u00e7a da fam\u00edlia para Maria de F\u00e1tima, com Delfina a dizer que aquela informa\u00e7\u00e3o lhe pode dar muito poder. Rufino, a ouvir tudo, finge sentir-se mal e saca o telem\u00f3vel a Delfina, ficando at\u00f3nito a olhar para a fotografia do documento.<\/p>\n<p>Rufino (Vitor Norte) segue cambaleante para a sa\u00edda a fingir estar maldisposto por ter bebido demais. Delfina e S\u00f3nia n\u00e3o desconfiam de nada. Rufino, recuperando a normalidade mal sai do Ninho, liga para Manuel a avis\u00e1-lo que Maria de F\u00e1tima quer deixar Flor sem nada. Manuel esbo\u00e7a ar muito apreensivo por Rufino contar que Maria de F\u00e1tima est\u00e1 a roubar Flor, deixando-a sem nada.<\/p>\n<p><a href=\"https:\/\/tvi.iol.pt\/novelas\/videos\/terra-forte-manuel-tira-toda-a-fortuna-alvaro\/68f61d3d0cf285ab53a6aafc\" rel=\"nofollow noopener\" target=\"_blank\">Manuel (Ant\u00f3nio Capelo)<\/a>\u00a0diz tenso a Rufino que ele sabe que ele n\u00e3o pode voltar, mas Rufino insiste com ele que Flor est\u00e1 a precisar dele por Maria de F\u00e1tima lhe querer tirar tudo. Manuel fica pensativo.<\/p>\n<p>Delfina diz a S\u00f3nia que a assinatura naquele documento \u00e9 mesmo de Flor por a ter visto na A\u00e7oreana, faltando agora descobrir o que levou Flor a dar tudo a Maria de F\u00e1tima. Delfina diz \u00e0 neta que agora o seu plano passa por aguardar para perceber o que vai acontecer.<\/p>\n<p>Recorde-se que Flor esteve em coma:<\/p>\n","protected":false},"excerpt":{"rendered":"Em \u00abTerra Forte\u00bb, Flor (Benedita Pereira) vem ter por engano ao armaz\u00e9m. Delfina (Elsa Galv\u00e3o) pergunta-lhe se precisa&hellip;\n","protected":false},"author":2,"featured_media":207854,"comment_status":"","ping_status":"","sticky":false,"template":"","format":"standard","meta":{"footnotes":""},"categories":[142],"tags":[160,7951,166,36270,36269,114,115,157,167,978,164,161,158,165,159,32,33,156,18614,163,151,162],"class_list":{"0":"post-207853","1":"post","2":"type-post","3":"status-publish","4":"format-standard","5":"has-post-thumbnail","7":"category-tv","8":"tag-ana-guiomar","9":"tag-benedita-pereira","10":"tag-cristina-ferreira","11":"tag-delfina","12":"tag-elsa-galvao","13":"tag-entertainment","14":"tag-entretenimento","15":"tag-festa-e-festa","16":"tag-ficcao","17":"tag-flor","18":"tag-jose-fidalgo","19":"tag-novelas","20":"tag-para-sempre","21":"tag-pedro-sousa","22":"tag-pedro-teixeira","23":"tag-portugal","24":"tag-pt","25":"tag-queridos-papas","26":"tag-terra-forte","27":"tag-tiago-teotonio-pereira","28":"tag-tv","29":"tag-tvi"},"share_on_mastodon":{"url":"https:\/\/pubeurope.com\/@pt\/115808557211887654","error":""},"_links":{"self":[{"href":"https:\/\/www.europesays.com\/pt\/wp-json\/wp\/v2\/posts\/207853","targetHints":{"allow":["GET"]}}],"collection":[{"href":"https:\/\/www.europesays.com\/pt\/wp-json\/wp\/v2\/posts"}],"about":[{"href":"https:\/\/www.europesays.com\/pt\/wp-json\/wp\/v2\/types\/post"}],"author":[{"embeddable":true,"href":"https:\/\/www.europesays.com\/pt\/wp-json\/wp\/v2\/users\/2"}],"replies":[{"embeddable":true,"href":"https:\/\/www.europesays.com\/pt\/wp-json\/wp\/v2\/comments?post=207853"}],"version-history":[{"count":0,"href":"https:\/\/www.europesays.com\/pt\/wp-json\/wp\/v2\/posts\/207853\/revisions"}],"wp:featuredmedia":[{"embeddable":true,"href":"https:\/\/www.europesays.com\/pt\/wp-json\/wp\/v2\/media\/207854"}],"wp:attachment":[{"href":"https:\/\/www.europesays.com\/pt\/wp-json\/wp\/v2\/media?parent=207853"}],"wp:term":[{"taxonomy":"category","embeddable":true,"href":"https:\/\/www.europesays.com\/pt\/wp-json\/wp\/v2\/categories?post=207853"},{"taxonomy":"post_tag","embeddable":true,"href":"https:\/\/www.europesays.com\/pt\/wp-json\/wp\/v2\/tags?post=207853"}],"curies":[{"name":"wp","href":"https:\/\/api.w.org\/{rel}","templated":true}]}}