{"id":207857,"date":"2025-12-30T12:40:07","date_gmt":"2025-12-30T12:40:07","guid":{"rendered":"https:\/\/www.europesays.com\/pt\/207857\/"},"modified":"2025-12-30T12:40:07","modified_gmt":"2025-12-30T12:40:07","slug":"benfica-e-al-nassr-avancam-por-wesley-mas-acordo-ainda-depende-de-sadio-mane","status":"publish","type":"post","link":"https:\/\/www.europesays.com\/pt\/207857\/","title":{"rendered":"Benfica e Al Nassr avan\u00e7am por Wesley, mas acordo ainda depende de&#8230; Sadio Man\u00e9"},"content":{"rendered":"<p>O Benfica e o Al Nassr avan\u00e7aram algumas casas nas negocia\u00e7\u00f5es por Wesley e, segundo apurou o <strong>Maisfutebol<\/strong>, o acordo passa por uma transfer\u00eancia em definitivo.<\/p>\n<p>Os sauditas querem entre 10 e 15 milh\u00f5es de euros para vender o jovem extremo brasileiro, que tem a aprova\u00e7\u00e3o de Jos\u00e9 Mourinho para refor\u00e7ar o plantel encarnado no mercado de inverno.<\/p>\n<p>Al\u00e9m das quest\u00f5es financeiras, como o valor fixo do neg\u00f3cio e o sal\u00e1rio do jogador, h\u00e1 outro ponto importante que tem atrasado a concretiza\u00e7\u00e3o da transfer\u00eancia: a aus\u00eancia de Sadio Man\u00e9.<\/p>\n<p>Para libertar o internacional brasileiro sub-21, Jorge Jesus quer antes o regresso de Man\u00e9, que est\u00e1 hoje com a sele\u00e7\u00e3o de Senegal na CAN &#8211; a competi\u00e7\u00e3o ainda est\u00e1 na fase de grupos e a final est\u00e1 marcada para o dia 18 de janeiro.<\/p>\n<p>Formado no Corinthians, Wesley, 20 anos, chegou ao futebol da Ar\u00e1bia Saudita na temporada passada, a troco de aproximadamente 20 milh\u00f5es de euros. Tem contrato v\u00e1lido at\u00e9 junho de 2028.<\/p>\n<p><strong>Andr\u00e9 Luiz tamb\u00e9m na mira<\/strong><\/p>\n<p>A eventual contrata\u00e7\u00e3o de Wesley n\u00e3o vai fechar as portas para a entrada de Andr\u00e9 Luiz. O nosso jornal sabe que o Benfica nas duas frentes em simult\u00e2neo e quer ambos para janeiro (um para cada ala).<\/p>\n<p>No caso do extremo brasileiro do Rio Ave, as conversa\u00e7\u00f5es continuam, mas ainda h\u00e1 ajustes a negociar, como o contrato do pr\u00f3prio jogador. Tamb\u00e9m \u00e9 um neg\u00f3cio caminha para ser uma transfer\u00eancia em definitivo.<\/p>\n","protected":false},"excerpt":{"rendered":"O Benfica e o Al Nassr avan\u00e7aram algumas casas nas negocia\u00e7\u00f5es por Wesley e, segundo apurou o Maisfutebol,&hellip;\n","protected":false},"author":2,"featured_media":199928,"comment_status":"","ping_status":"","sticky":false,"template":"","format":"standard","meta":{"footnotes":""},"categories":[87],"tags":[685,51,135,46,40,3589,41,32,33,47,2551,40402,1486,134,35,21912],"class_list":{"0":"post-207857","1":"post","2":"type-post","3":"status-publish","4":"format-standard","5":"has-post-thumbnail","7":"category-desporto","8":"tag-al-nassr","9":"tag-benfica","10":"tag-desporto","11":"tag-maisfutebol","12":"tag-maistransferencias","13":"tag-mercado-benfica","14":"tag-mercado-de-transferencias","15":"tag-portugal","16":"tag-pt","17":"tag-pura-paixao","18":"tag-reforco","19":"tag-reforco-benfica","20":"tag-reforcos","21":"tag-sports","22":"tag-transferencias","23":"tag-wesley"},"share_on_mastodon":{"url":"https:\/\/pubeurope.com\/@pt\/115808568860787318","error":""},"_links":{"self":[{"href":"https:\/\/www.europesays.com\/pt\/wp-json\/wp\/v2\/posts\/207857","targetHints":{"allow":["GET"]}}],"collection":[{"href":"https:\/\/www.europesays.com\/pt\/wp-json\/wp\/v2\/posts"}],"about":[{"href":"https:\/\/www.europesays.com\/pt\/wp-json\/wp\/v2\/types\/post"}],"author":[{"embeddable":true,"href":"https:\/\/www.europesays.com\/pt\/wp-json\/wp\/v2\/users\/2"}],"replies":[{"embeddable":true,"href":"https:\/\/www.europesays.com\/pt\/wp-json\/wp\/v2\/comments?post=207857"}],"version-history":[{"count":0,"href":"https:\/\/www.europesays.com\/pt\/wp-json\/wp\/v2\/posts\/207857\/revisions"}],"wp:featuredmedia":[{"embeddable":true,"href":"https:\/\/www.europesays.com\/pt\/wp-json\/wp\/v2\/media\/199928"}],"wp:attachment":[{"href":"https:\/\/www.europesays.com\/pt\/wp-json\/wp\/v2\/media?parent=207857"}],"wp:term":[{"taxonomy":"category","embeddable":true,"href":"https:\/\/www.europesays.com\/pt\/wp-json\/wp\/v2\/categories?post=207857"},{"taxonomy":"post_tag","embeddable":true,"href":"https:\/\/www.europesays.com\/pt\/wp-json\/wp\/v2\/tags?post=207857"}],"curies":[{"name":"wp","href":"https:\/\/api.w.org\/{rel}","templated":true}]}}