{"id":207862,"date":"2025-12-30T12:43:17","date_gmt":"2025-12-30T12:43:17","guid":{"rendered":"https:\/\/www.europesays.com\/pt\/207862\/"},"modified":"2025-12-30T12:43:17","modified_gmt":"2025-12-30T12:43:17","slug":"futuro-iphone-20-pro-ja-leva-fabricantes-chineses-a-mudar-estrategias","status":"publish","type":"post","link":"https:\/\/www.europesays.com\/pt\/207862\/","title":{"rendered":"Futuro iPhone 20 Pro j\u00e1 leva fabricantes chineses a mudar estrat\u00e9gias"},"content":{"rendered":"<p class=\"leading\">\n                Sejamos f\u00e3s ou n\u00e3o da Apple, temos de admitir que a empresa influencia profundamente o mundo tecnol\u00f3gico, sobretudo com o seu smartphone ic\u00f3nico. Parece que o futuro iPhone 20 Pro j\u00e1 est\u00e1 a levar os fabricantes chineses a agirem de forma diferente.             <\/p>\n<p>        <img decoding=\"async\" alt=\"iPhone 17 Pro Max\" height=\"900\" src=\"https:\/\/www.europesays.com\/pt\/wp-content\/uploads\/2025\/12\/iphone-17-pro-max-designer-credito-bruno-coelho.jpg\" width=\"1600\" fetchpriority=\"high\"\/><br \/>\niPhone 17 Pro Max<\/p>\n<p><a href=\"https:\/\/whatsapp.com\/channel\/0029Va54F7B7j6gBNXobAM16\" rel=\"nofollow noopener\" class=\"banner-deals mb20 banner-deals-rotation banner-deals-rotation--whatsapp\" target=\"_blank\"><\/p>\n<p>        Entra no nosso canal Whatsapp<br \/>e recebe as melhores ofertas<\/p>\n<p>        ENTRAR\n    <\/p>\n<p><\/a><br \/>\nEcr\u00e3s sem recortes nos modelos premium<\/p>\n<p>Em 2027, o <a href=\"https:\/\/4gnews.pt\/apple-prepara-grande-mudanca-vai-saltar-uma-geracao-do-iphone-e-ha-uma-razao-para-isso\/\" rel=\"nofollow noopener\" target=\"_blank\">iPhone celebra 20 anos<\/a> de vida e a Apple quer assinalar a ocasi\u00e3o de v\u00e1rias formas. N\u00e3o s\u00f3 vai saltar uma gera\u00e7\u00e3o para fazer coincidir o 20\u00ba anivers\u00e1rio com o n\u00famero da s\u00e9rie, como tamb\u00e9m vai <a href=\"https:\/\/4gnews.pt\/apple-quer-ir-alem-dos-ecras-curvos-tradicionais-no-iphone-20\/\" rel=\"nofollow noopener\" target=\"_blank\">cumprir o sonho antigo<\/a> de o terminal ter um ecr\u00e3 isento de recortes. A solu\u00e7\u00e3o da Apple passa por colocar todos os sensores embutidos no ecr\u00e3.<\/p>\n<p>A confirmar-se esta ser\u00e1 uma altera\u00e7\u00e3o significativa para o iPhone, mas parece que n\u00e3o ser\u00e1 s\u00f3 o smartphone ic\u00f3nico a sofrer mudan\u00e7as. O leaker <a href=\"https:\/\/m.weibo.cn\/detail\/5249525192589917\" rel=\"nofollow noopener\" target=\"_blank\">Digital Chat Station<\/a> est\u00e1 a avan\u00e7ar, na rede social chinesa Weibo, que os fabricantes chineses de smartphones est\u00e3o a trabalhar numa solu\u00e7\u00e3o semelhante para os seus terminais.<\/p>\n<p>No caso das marcas chinesas, h\u00e1 a grande vantagem de terem de ser transportados menos componentes para baixo do ecr\u00e3. Ainda que tal significa um investimento mais reduzido face ao que a Apple tem de fazer, vai implicar custos altos.<\/p>\n<p>Por esta raz\u00e3o, Digital Chata Station avan\u00e7a que os ec\u00e3s sem recortes desenvolvidos pelas marcas chinesas destinam-se aos smartphones de topo e podem ser \u201csolu\u00e7\u00f5es mais agressivas\u201d. Fica por esclarecer o que o conhecido leaker entende por solu\u00e7\u00f5es agressivas.<\/p>\n<p>Afinal como ser\u00e1 o ecr\u00e3 do iPhone 20 Pro?<\/p>\n<p>De acordo com os rumores divulgados at\u00e9 ao momento, o iPhone 20 Pro vai exibir um ecr\u00e3 totalmente sem recortes. Tal como j\u00e1 referimos, a solu\u00e7\u00e3o passa por colocar todos os sensores \u2013 c\u00e2mara frontal e Face ID \u2013 por baixo do ecr\u00e3.<\/p>\n<p>Mas a Apple ir\u00e1 ainda mais longe ao fundir totalmente o ecr\u00e3 na estrutura do telefone. Tal vai conferir a sensa\u00e7\u00e3o de painel infinito sem nos apercebermos das extremidades da estrutura.<\/p>\n<p>S\u00f3 em 2027 \u00e9 que a Apple vai lan\u00e7ar o iPhone 20 Pro e at\u00e9 ao momento deste modelo entrar em modo de produ\u00e7\u00e3o em massa, ainda muita coisa pode mudar.<\/p>\n<p><a href=\"https:\/\/amzn.to\/44PCIEj\" target=\"_blank\" rel=\"nofollow noreferrer noopener\"><img decoding=\"async\" alt=\"Apple iPhone 16e\" height=\"488\" width=\"650\" class=\"lazyload\" src=\"https:\/\/www.europesays.com\/pt\/wp-content\/uploads\/2025\/10\/61j5rd1d9kl-ac-sx522.jpg\" loading=\"lazy\"\/><\/a><\/p>\n<p><a class=\"affiliate-title\" href=\"https:\/\/amzn.to\/44PCIEj\" target=\"_blank\" rel=\"nofollow noreferrer noopener\">Apple iPhone 16e <\/a>Chip A18, ecr\u00e3 OLED de 6,1&#8243;, c\u00e2mara dupla 48 MP, at\u00e9 26h de autonomia<\/p>\n<p><a href=\"https:\/\/amzn.to\/49CUsEH\" target=\"_blank\" rel=\"nofollow noreferrer noopener\"><img decoding=\"async\" alt=\"Apple iPhone 16\" height=\"488\" width=\"650\" class=\"lazyload\" src=\"https:\/\/www.europesays.com\/pt\/wp-content\/uploads\/2025\/12\/apple-iphone-16-31trymc1n7l-sl500.jpg\" loading=\"lazy\"\/><\/a><\/p>\n<p><a class=\"affiliate-title\" href=\"https:\/\/amzn.to\/49CUsEH\" target=\"_blank\" rel=\"nofollow noreferrer noopener\">Apple iPhone 16<\/a>c\u00e2mara com controle, chip A18, fotos macro, at\u00e9 22h de autonomia<\/p>\n<p>799,00 \u20acAmazon<\/p>\n<p>859,00 \u20ac-7%<\/p>\n<p class=\"inline-related-title\">Editores 4gnews recomendam:<\/p>\n","protected":false},"excerpt":{"rendered":"Sejamos f\u00e3s ou n\u00e3o da Apple, temos de admitir que a empresa influencia profundamente o mundo tecnol\u00f3gico, sobretudo&hellip;\n","protected":false},"author":2,"featured_media":207863,"comment_status":"","ping_status":"","sticky":false,"template":"","format":"standard","meta":{"footnotes":""},"categories":[84],"tags":[109,107,108,32,33,105,103,104,106,110],"class_list":{"0":"post-207862","1":"post","2":"type-post","3":"status-publish","4":"format-standard","5":"has-post-thumbnail","7":"category-ciencia-e-tecnologia","8":"tag-ciencia","9":"tag-ciencia-e-tecnologia","10":"tag-cienciaetecnologia","11":"tag-portugal","12":"tag-pt","13":"tag-science","14":"tag-science-and-technology","15":"tag-scienceandtechnology","16":"tag-technology","17":"tag-tecnologia"},"share_on_mastodon":{"url":"https:\/\/pubeurope.com\/@pt\/115808580691034478","error":""},"_links":{"self":[{"href":"https:\/\/www.europesays.com\/pt\/wp-json\/wp\/v2\/posts\/207862","targetHints":{"allow":["GET"]}}],"collection":[{"href":"https:\/\/www.europesays.com\/pt\/wp-json\/wp\/v2\/posts"}],"about":[{"href":"https:\/\/www.europesays.com\/pt\/wp-json\/wp\/v2\/types\/post"}],"author":[{"embeddable":true,"href":"https:\/\/www.europesays.com\/pt\/wp-json\/wp\/v2\/users\/2"}],"replies":[{"embeddable":true,"href":"https:\/\/www.europesays.com\/pt\/wp-json\/wp\/v2\/comments?post=207862"}],"version-history":[{"count":0,"href":"https:\/\/www.europesays.com\/pt\/wp-json\/wp\/v2\/posts\/207862\/revisions"}],"wp:featuredmedia":[{"embeddable":true,"href":"https:\/\/www.europesays.com\/pt\/wp-json\/wp\/v2\/media\/207863"}],"wp:attachment":[{"href":"https:\/\/www.europesays.com\/pt\/wp-json\/wp\/v2\/media?parent=207862"}],"wp:term":[{"taxonomy":"category","embeddable":true,"href":"https:\/\/www.europesays.com\/pt\/wp-json\/wp\/v2\/categories?post=207862"},{"taxonomy":"post_tag","embeddable":true,"href":"https:\/\/www.europesays.com\/pt\/wp-json\/wp\/v2\/tags?post=207862"}],"curies":[{"name":"wp","href":"https:\/\/api.w.org\/{rel}","templated":true}]}}