{"id":207864,"date":"2025-12-30T12:44:16","date_gmt":"2025-12-30T12:44:16","guid":{"rendered":"https:\/\/www.europesays.com\/pt\/207864\/"},"modified":"2025-12-30T12:44:16","modified_gmt":"2025-12-30T12:44:16","slug":"ao-fim-de-60-anos-buffett-deixa-as-redeas-da-berkshire-empresas","status":"publish","type":"post","link":"https:\/\/www.europesays.com\/pt\/207864\/","title":{"rendered":"Ao fim de 60 anos, Buffett deixa as r\u00e9deas da Berkshire &#8211; Empresas"},"content":{"rendered":"<p class=\"\">&#13;<br \/>\n        <b>Warren Buffett \u00e9 um nome incontorn\u00e1vel no reino dos neg\u00f3cios e do investimento<\/b> \u2013 n\u00e3o foi \u00e0-toa que foi eleito este m\u00eas, pelos leitores do The Wall Street Journal, como <b>o melhor investidor do mundo<\/b>. Atualmente com 95 anos, <b>aquele que \u00e9 conhecido como \u201cOr\u00e1culo de Omaha\u201d<\/b> \u2013 em refer\u00eancia \u00e0 cidade onde vive e onde fica a sede do seu conglomerado, a Berkshire Hathaway \u2013 deixa no \u00faltimo dia do ano a presid\u00eancia executiva da \u201cholding\u201d \u00e0 qual deu vida. Muita vida.&#13;\n    <\/p>\n","protected":false},"excerpt":{"rendered":"&#13; Warren Buffett \u00e9 um nome incontorn\u00e1vel no reino dos neg\u00f3cios e do investimento \u2013 n\u00e3o foi \u00e0-toa&hellip;\n","protected":false},"author":2,"featured_media":207865,"comment_status":"","ping_status":"","sticky":false,"template":"","format":"standard","meta":{"footnotes":""},"categories":[83],"tags":[3272,40931,40936,40934,88,89,90,40930,40932,40935,40933,32,33,12700,12583],"class_list":{"0":"post-207864","1":"post","2":"type-post","3":"status-publish","4":"format-standard","5":"has-post-thumbnail","7":"category-empresas","8":"tag-acoes","9":"tag-berkshire","10":"tag-berkshire-hathaway","11":"tag-buffett-foundation","12":"tag-business","13":"tag-economy","14":"tag-empresas","15":"tag-fundos-de-investimento","16":"tag-greg-abel","17":"tag-howard-g-buffett-foundation","18":"tag-novo-foundation","19":"tag-portugal","20":"tag-pt","21":"tag-titulos","22":"tag-warren-buffett"},"share_on_mastodon":{"url":"https:\/\/pubeurope.com\/@pt\/115808584570734705","error":""},"_links":{"self":[{"href":"https:\/\/www.europesays.com\/pt\/wp-json\/wp\/v2\/posts\/207864","targetHints":{"allow":["GET"]}}],"collection":[{"href":"https:\/\/www.europesays.com\/pt\/wp-json\/wp\/v2\/posts"}],"about":[{"href":"https:\/\/www.europesays.com\/pt\/wp-json\/wp\/v2\/types\/post"}],"author":[{"embeddable":true,"href":"https:\/\/www.europesays.com\/pt\/wp-json\/wp\/v2\/users\/2"}],"replies":[{"embeddable":true,"href":"https:\/\/www.europesays.com\/pt\/wp-json\/wp\/v2\/comments?post=207864"}],"version-history":[{"count":0,"href":"https:\/\/www.europesays.com\/pt\/wp-json\/wp\/v2\/posts\/207864\/revisions"}],"wp:featuredmedia":[{"embeddable":true,"href":"https:\/\/www.europesays.com\/pt\/wp-json\/wp\/v2\/media\/207865"}],"wp:attachment":[{"href":"https:\/\/www.europesays.com\/pt\/wp-json\/wp\/v2\/media?parent=207864"}],"wp:term":[{"taxonomy":"category","embeddable":true,"href":"https:\/\/www.europesays.com\/pt\/wp-json\/wp\/v2\/categories?post=207864"},{"taxonomy":"post_tag","embeddable":true,"href":"https:\/\/www.europesays.com\/pt\/wp-json\/wp\/v2\/tags?post=207864"}],"curies":[{"name":"wp","href":"https:\/\/api.w.org\/{rel}","templated":true}]}}