{"id":207868,"date":"2025-12-30T12:46:08","date_gmt":"2025-12-30T12:46:08","guid":{"rendered":"https:\/\/www.europesays.com\/pt\/207868\/"},"modified":"2025-12-30T12:46:08","modified_gmt":"2025-12-30T12:46:08","slug":"triangulos-dos-carros-tem-os-dias-contados-em-espanha-luz-de-sinalizacao-obrigatoria-em-2026-automovel","status":"publish","type":"post","link":"https:\/\/www.europesays.com\/pt\/207868\/","title":{"rendered":"Tri\u00e2ngulos dos carros t\u00eam os dias contados em Espanha. Luz de sinaliza\u00e7\u00e3o obrigat\u00f3ria em 2026 &#8211; Autom\u00f3vel"},"content":{"rendered":"<p class=\"\">&#13;<br \/>\n        Os <b>tri\u00e2ngulos de sinaliza\u00e7\u00e3o de carros avariados ou acidentes na estrada s\u00e3o substitu\u00eddos em Espanha a partir de 1 de janeiro por um aparelho luminoso obrigat\u00f3rio <\/b>para todos os ve\u00edculos com matr\u00edcula espanhola.&#13;\n    <\/p>\n<p class=\"\">&#13;<br \/>\n        Este &#8220;dispositivo V-16 ligado ser\u00e1 o \u00fanico meio legal de sinaliza\u00e7\u00e3o de ve\u00edculos imobilizados a partir de 1 de janeiro de 2026 e substituir\u00e1 os tri\u00e2ngulos&#8221;, disse a Dire\u00e7\u00e3o-Geral de Tr\u00e2nsito (DGT) espanhola.&#13;\n    <\/p>\n<p class=\"\">&#13;<br \/>\n        O <b>dispositivo luminoso passa a ser obrigat\u00f3rio em Espanha para os ve\u00edculos com matr\u00edcula espanhola<\/b>, que t\u00eam de os levar no porta-luvas. No caso de matr\u00edculas estrangeiras, como as portuguesas, aplicam-se as regras dos respetivos pa\u00edses, segundo a DGT.&#13;\n    <\/p>\n<p class=\"\">&#13;<br \/>\n        Os aparelhos que passam a ser obrigat\u00f3rios em Espanha <b>devem ser acionados e colocados na parte mais superior poss\u00edvel dos carros (como o tejadilho) ou numa das portas sem que o condutor saia do ve\u00edculo.<\/b>&#13;\n    <\/p>\n<p class=\"\">&#13;<br \/>\n        Os<b> dispositivos emitem um sinal luminoso que avisa os outros condutores e emite um sinal, atrav\u00e9s de um cart\u00e3o SIM (como os dos telem\u00f3veis), que comunica diretamente com a DGT e as for\u00e7as de seguran\u00e7a, indicando assim a localiza\u00e7\u00e3o do acidente ou do carro avariado<\/b>.&#13;\n    <\/p>\n<p class=\"\">&#13;<br \/>\n        A mesma informa\u00e7\u00e3o chega a &#8216;softwares&#8217; de navega\u00e7\u00e3o, aplica\u00e7\u00f5es de tr\u00e2nsito ou pain\u00e9is eletr\u00f3nicos colocados nas estradas.&#13;\n    <\/p>\n<p class=\"\">&#13;<br \/>\n        S\u00f3 depois de acionada e colocada a sinaliza\u00e7\u00e3o luminosa os ocupantes dos carros devem abandonar os ve\u00edculos, &#8220;desde que exista um lugar seguro fora da plataforma de circula\u00e7\u00e3o&#8221;, informou a DGT.&#13;\n    <\/p>\n<p class=\"\">&#13;<br \/>\n        <b>O objetivo \u00e9 evitar mortes associadas \u00e0 coloca\u00e7\u00e3o dos tri\u00e2ngulos.<\/b>&#13;\n    <\/p>\n<p class=\"\">&#13;<br \/>\n        &#8220;Todos os anos morrem em Espanha cerca de 25 pessoas atropeladas na estrada que tinham descido do ve\u00edculo. A nova legisla\u00e7\u00e3o nasce para evitar estes riscos e reduzir a exposi\u00e7\u00e3o do condutor ao tr\u00e2nsito&#8221;, explicou a DGT.&#13;\n    <\/p>\n<p class=\"\">&#13;<br \/>\n        As autoridades espanholas t\u00eam sublinhado que os dados que emitem os dispositivos n\u00e3o identificam carros nem pessoas e servem apenas para dar a conhecer a localiza\u00e7\u00e3o do ve\u00edculo acidentado ou avariado, n\u00e3o sendo necess\u00e1rio descarregar qualquer aplica\u00e7\u00e3o nem fornecer dados pessoais para acionar os aparelhos.&#13;\n    <\/p>\n<p class=\"\">&#13;<br \/>\n        Este novo sistema de sinaliza\u00e7\u00e3o em Espanha \u00e9 pioneiro e n\u00e3o h\u00e1 outro pa\u00eds que o use, com as autoridades espanholas a considerarem que muito provavelmente acabar\u00e1 copiado noutros locais.&#13;\n    <\/p>\n<p class=\"\">&#13;<br \/>\n        &#8220;\u00c9 um salto em frente e situa-nos como refer\u00eancia europeia em seguran\u00e7a rodovi\u00e1ria. Permite sinalizar sem sair do ve\u00edculo, evita riscos desnecess\u00e1rios e fornece informa\u00e7\u00e3o vital aos outros utilizadores da via. Os tri\u00e2ngulos cumpriram com o seu papel durante 26 anos, mas a evolu\u00e7\u00e3o tecnol\u00f3gica permite-nos continuar a progredir. O nosso compromisso \u00e9 reduzir os atropelamentos e proteger quem se encontra em situa\u00e7\u00f5es de emerg\u00eancia&#8221;, disse o diretor-geral de Tr\u00e2nsito, Pere Navarro, em declara\u00e7\u00f5es recentes a jornalistas.&#13;\n    <\/p>\n<p class=\"\">&#13;<br \/>\n        Os dispositivos de sinaliza\u00e7\u00e3o V-16 passam tamb\u00e9m a ser v\u00e1lidos, em substitui\u00e7\u00e3o do tri\u00e2ngulo, para carros espanh\u00f3is que circulem nos outros pa\u00edses subscritores da designada Conven\u00e7\u00e3o de Viena (Conven\u00e7\u00e3o sobre Tr\u00e2nsito Rodovi\u00e1rio), como Portugal.&#13;\n    <\/p>\n<p class=\"\">&#13;<br \/>\n        No entanto, fora de Espanha, s\u00f3 servem para aviso a outros condutores e o sinal de geolocaliza\u00e7\u00e3o e comunica\u00e7\u00e3o com as autoridades n\u00e3o funciona.&#13;\n    <\/p>\n<p class=\"\">&#13;<br \/>\n        <b>Aos carros espanh\u00f3is que a partir de 1 de janeiro n\u00e3o levarem um dispositivo de sinaliza\u00e7\u00e3o V-16 no porta-luvas ser\u00e1 aplicada uma multa de 80 euros, igual \u00e0 estabelecida at\u00e9 agora para a falta de tri\u00e2ngulo.<\/b>&#13;\n    <\/p>\n<p class=\"\">&#13;<br \/>\n        &#8220;Estou convencido de que se vai exportar a toda a Uni\u00e3o [Europeia]&#8221;, disse o presidente da Associa\u00e7\u00e3o Espanhola de Automobilistas, Mario Arnaldo, em declara\u00e7\u00f5es \u00e0 televis\u00e3o RTVE.&#13;\n    <\/p>\n<p class=\"\">&#13;<br \/>\n        Mario Arnaldo lembrou que Espanha foi tamb\u00e9m pioneira em 1999, quando tornou obrigat\u00f3rios os tri\u00e2ngulos com que agora acaba.&#13;\n    <\/p>\n<p class=\"\">&#13;<br \/>\n        Os novos dispositivos t\u00eam merecido, genericamente, o aplauso das entidades e associa\u00e7\u00f5es ligadas \u00e0 seguran\u00e7a e ao transporte rodovi\u00e1rio, com as maiores cr\u00edticas a chegarem das empresas de transporte de mercadorias.&#13;\n    <\/p>\n<p class=\"\">&#13;<br \/>\n        A Confedera\u00e7\u00e3o Espanhola de Transporte de Mercadorias (CETM) apelou \u00e0 toler\u00e2ncia das for\u00e7as de seguran\u00e7a atendendo a problemas de abastecimento com os novos dispositivos provocados pela corrida \u00e0 compra dos aparelhos.&#13;\n    <\/p>\n<p class=\"\">&#13;<br \/>\n        Segundo dados oficiais, h\u00e1 mais de 30 milh\u00f5es de ve\u00edculos com seguro em vigor em Espanha, todos eles obrigados a ter um dispositivo V-16 a partir de quinta-feira.&#13;\n    <\/p>\n<p class=\"\">&#13;<br \/>\n        Cada dispositivo custa entre 25 e 70 euros e a Associa\u00e7\u00e3o do Transporte Internacional por Estrada (Astic) estimou que o setor em Espanha precisou de mais de 3,8 milh\u00f5es de euros para se adaptar \u00e0 nova regra.&#13;\n    <\/p>\n<p class=\"\">&#13;<br \/>\n        Esta associa\u00e7\u00e3o alertou que, no entanto, em muitos casos, a nova sinaliza\u00e7\u00e3o &#8220;n\u00e3o se poder\u00e1 ver corretamente em cima dos cami\u00f5es, ve\u00edculos com uma altura m\u00e9dia de quatro metros&#8221;.&#13;\n    <\/p>\n<p class=\"\">&#13;<br \/>\n        &#8220;Mesmo em curvas fechadas e em mudan\u00e7as de inclina\u00e7\u00e3o, a visibilidade dos sinais \u00e9 duvidosa&#8221;, acrescentou o vice-presidente da Astic, Ram\u00f3n Valdivia, em declara\u00e7\u00f5es \u00e0 ag\u00eancia de not\u00edcias EFE.&#13;\n    <\/p>\n","protected":false},"excerpt":{"rendered":"&#13; Os tri\u00e2ngulos de sinaliza\u00e7\u00e3o de carros avariados ou acidentes na estrada s\u00e3o substitu\u00eddos em Espanha a partir&hellip;\n","protected":false},"author":2,"featured_media":207869,"comment_status":"","ping_status":"","sticky":false,"template":"","format":"standard","meta":{"footnotes":""},"categories":[10],"tags":[27,28,15,16,14,25,26,21,22,12,13,19,20,32,23,24,33,17,18,29,30,31],"class_list":{"0":"post-207868","1":"post","2":"type-post","3":"status-publish","4":"format-standard","5":"has-post-thumbnail","7":"category-portugal","8":"tag-breaking-news","9":"tag-breakingnews","10":"tag-featured-news","11":"tag-featurednews","12":"tag-headlines","13":"tag-latest-news","14":"tag-latestnews","15":"tag-main-news","16":"tag-mainnews","17":"tag-news","18":"tag-noticias","19":"tag-noticias-principais","20":"tag-noticiasprincipais","21":"tag-portugal","22":"tag-principais-noticias","23":"tag-principaisnoticias","24":"tag-pt","25":"tag-top-stories","26":"tag-topstories","27":"tag-ultimas","28":"tag-ultimas-noticias","29":"tag-ultimasnoticias"},"share_on_mastodon":{"url":"https:\/\/pubeurope.com\/@pt\/115808592513123659","error":""},"_links":{"self":[{"href":"https:\/\/www.europesays.com\/pt\/wp-json\/wp\/v2\/posts\/207868","targetHints":{"allow":["GET"]}}],"collection":[{"href":"https:\/\/www.europesays.com\/pt\/wp-json\/wp\/v2\/posts"}],"about":[{"href":"https:\/\/www.europesays.com\/pt\/wp-json\/wp\/v2\/types\/post"}],"author":[{"embeddable":true,"href":"https:\/\/www.europesays.com\/pt\/wp-json\/wp\/v2\/users\/2"}],"replies":[{"embeddable":true,"href":"https:\/\/www.europesays.com\/pt\/wp-json\/wp\/v2\/comments?post=207868"}],"version-history":[{"count":0,"href":"https:\/\/www.europesays.com\/pt\/wp-json\/wp\/v2\/posts\/207868\/revisions"}],"wp:featuredmedia":[{"embeddable":true,"href":"https:\/\/www.europesays.com\/pt\/wp-json\/wp\/v2\/media\/207869"}],"wp:attachment":[{"href":"https:\/\/www.europesays.com\/pt\/wp-json\/wp\/v2\/media?parent=207868"}],"wp:term":[{"taxonomy":"category","embeddable":true,"href":"https:\/\/www.europesays.com\/pt\/wp-json\/wp\/v2\/categories?post=207868"},{"taxonomy":"post_tag","embeddable":true,"href":"https:\/\/www.europesays.com\/pt\/wp-json\/wp\/v2\/tags?post=207868"}],"curies":[{"name":"wp","href":"https:\/\/api.w.org\/{rel}","templated":true}]}}