{"id":207880,"date":"2025-12-30T12:54:21","date_gmt":"2025-12-30T12:54:21","guid":{"rendered":"https:\/\/www.europesays.com\/pt\/207880\/"},"modified":"2025-12-30T12:54:21","modified_gmt":"2025-12-30T12:54:21","slug":"o-que-se-passa-com-gyokeres-no-arsenal-observador","status":"publish","type":"post","link":"https:\/\/www.europesays.com\/pt\/207880\/","title":{"rendered":"o que se passa com Gy\u00f6keres no Arsenal? \u2013 Observador"},"content":{"rendered":"<p>Chegou, viu e (ainda) n\u00e3o venceu. Numa altura em que se atinge a primeira metade de temporada de <strong>Viktor Gy\u00f6keres<\/strong> no Arsenal, o avan\u00e7ado sueco continua a dividir opini\u00f5es e est\u00e1 longe de ser uma aposta un\u00e2nime de Mikel Arteta que, ainda assim, concedeu a titularidade ao ex-Sporting em 17 dos 27 jogos dos\u00a0gunners\u00a0at\u00e9 ao momento. Nessas quase duas dezenas de partidas, o camisola 9 apontou sete golos, precisando de cerca de 201 minutos \u2013 mais de tr\u00eas horas, o que corresponde a pouco mais de dois jogos \u2013 para ser eficaz. Pelo meio, Gy\u00f6keres sofreu uma (invulgar) les\u00e3o muscular no jogo frente ao Brighton (fora, 2-0), no in\u00edcio de novembro, e s\u00f3 voltou \u00e0s op\u00e7\u00f5es do espanhol no final do m\u00eas, tendo falhado quatro jogos.<\/p>\n<p>O regresso ap\u00f3s o problema f\u00edsico est\u00e1 longe de ser produtivo para\u00a0Gy\u00f6keres que, nos sete jogos do Arsenal durante o m\u00eas de dezembro, foi titular em quatro, suplente utilizado em dois desafios e n\u00e3o saiu do banco frente ao Crystal Palace, nos quartos de final da Ta\u00e7a da Liga (casa, 1-1, 8-7 g.p.). No total, n\u00e3o completou os 90 minutos em nenhum dos jogos e apontou apenas um golo, ainda que tenha sido decisivo. Para encontrarmos esse golo precisamos de recuar at\u00e9 ao passado dia 20 e \u00e0 <a href=\"https:\/\/observador.pt\/2025\/12\/20\/mikel-pediu-e-viktor-garantiu-que-o-natal-e-vermelho-e-branco-arsenal-vence-pela-margem-minima-em-casa-do-everton-e-conserva-lideranca\/\" target=\"_blank\" rel=\"noopener nofollow\">desloca\u00e7\u00e3o dos londrinos a casa do Everton (1-0).<\/a> Como habitual nas visitas \u00e0 cidade de Liverpool, o Arsenal sentiu dificuldades, mas acabou por vencer pela margem m\u00ednima, <strong>com o golo do sueco, de grande penalidade, a revelar-se decisivo.\u00a0<\/strong>Essa vit\u00f3ria assegurou \u00e0 equipa de Mikel Arteta o primeiro lugar no Natal, que entretanto continua sem sofrer altera\u00e7\u00f5es.<\/p>\n<blockquote class=\"wp-embedded-content\" data-secret=\"Q3oZXAAlJN\">\n<p><a href=\"https:\/\/observador.pt\/2025\/12\/20\/mikel-pediu-e-viktor-garantiu-que-o-natal-e-vermelho-e-branco-arsenal-vence-pela-margem-minima-em-casa-do-everton-e-conserva-lideranca\/\" rel=\"nofollow noopener\" target=\"_blank\">Mikel pediu e Viktor garantiu que o Natal \u00e9 vermelho e branco: Arsenal vence pela margem m\u00ednima em casa do Everton e conserva lideran\u00e7a<\/a><\/p>\n<\/blockquote>\n<p>Apesar desse golo, os n\u00fameros e os sinais est\u00e3o longe de ser positivos, j\u00e1 que o futebolista de 27 anos n\u00e3o marca um golo de bola corrida h\u00e1 sete jogos, cen\u00e1rio que prolongou na recente vit\u00f3ria frente ao Brighton, agora no Emirates (2-1). Apesar de se mostrar preocupado com esse fator, Arteta continua a manter a confian\u00e7a em Gy\u00f6keres, como tem revelado ao longo das confer\u00eancias de imprensa na presente temporada. \u201cSe estou preocupado? Sim, porque queremos que ele marque. Obviamente, ele teve algumas oportunidades [contra o Brighton], <strong>apareceu algumas vezes em excelente posi\u00e7\u00e3o, mas a bola n\u00e3o lhe chegou\u2026<\/strong> Tem de continuar a insistir. \u00c9 a \u00fanica maneira\u201d, explicou o treinador depois do jogo de s\u00e1bado.<\/p>\n<p>Por outro lado, Gary Lineker, antigo avan\u00e7ado que se notabilizou nas passagens por Leicester, Barcelona e Tottenham, considera que o sueco \u201c\u00e9 como a maioria dos avan\u00e7ados\u201d. \u201cTenho observado o Gy\u00f6keres nas \u00faltimas semanas e parece-me que \u00e9 como a maioria dos avan\u00e7ados: <strong>espera para ver para onde vai a bola, espera pelos cruzamentos, e s\u00f3 depois ataca.<\/strong> Isso tamb\u00e9m \u00e9 aquilo que os defesas fazem. Como avan\u00e7ado, tens de arriscar o s\u00edtio para onde pensas que a bola poder\u00e1 ir e, assim que o cruzamento est\u00e1 a sair, vais para l\u00e1. Ficas um passo \u00e0 frente do defesa. Claro que, muitas vezes, a bola n\u00e3o vai para l\u00e1, mas n\u00e3o o vejo a fazer isso com muita frequ\u00eancia. Dominic Calvert Lewin\u00a0deu um exemplo perfeito disso no <a href=\"https:\/\/youtu.be\/Um9rMxAp-SA\" target=\"_blank\" rel=\"noopener nofollow\">golo do Leeds contra o\u00a0Sunderland<\/a>.\u00a0Jogadores como Haaland, Kane ou Lewandowski \u2013 os grandes goleadores \u2013 fazem isso, movimentam-se para o espa\u00e7o. Se \u00e9 algo que ele pode aprender? Sempre achei que sim, porque na verdade \u00e9 senso comum. \u00c9 a\u00a0lei da probabilidade quando se pensa nisso\u201d, explicou o ex-internacional ingl\u00eas no <a href=\"https:\/\/www.youtube.com\/watch?v=cpzNuuFG9Y0\" target=\"_blank\" rel=\"noopener nofollow\">podcast<\/a> The Rest Is Football.<\/p>\n<p>Viktor Gy\u00f6keres ter\u00e1 a derradeira oportunidade de fechar o ano de 2025 da melhor forma esta ter\u00e7a-feira, quando o Arsenal receber o Aston Villa no jogo grande da 19.\u00aa jornada da Premier League, que pode ser importante nas contas do t\u00edtulos. O sueco dever\u00e1 ser novamente titular e poder\u00e1 ajudar a sua equipa a consolidar o primeiro lugar, deixando um advers\u00e1rio direto mais longe. De lembrar que, ao servi\u00e7o do Sporting, clube que deixou no ver\u00e3o, <strong>Gy\u00f6keres marcou 97 golos e 27 assist\u00eancias em 102 jogos,<\/strong> tendo ajudado os le\u00f5es a chegar ao bicampeonato e \u00e0 dobradinha no final da \u00e9poca passada.<\/p>\n","protected":false},"excerpt":{"rendered":"Chegou, viu e (ainda) n\u00e3o venceu. Numa altura em que se atinge a primeira metade de temporada de&hellip;\n","protected":false},"author":2,"featured_media":207881,"comment_status":"","ping_status":"","sticky":false,"template":"","format":"standard","meta":{"footnotes":""},"categories":[87],"tags":[707,135,524,32,666,33,134],"class_list":{"0":"post-207880","1":"post","2":"type-post","3":"status-publish","4":"format-standard","5":"has-post-thumbnail","7":"category-desporto","8":"tag-arsenal","9":"tag-desporto","10":"tag-futebol","11":"tag-portugal","12":"tag-premier-league","13":"tag-pt","14":"tag-sports"},"share_on_mastodon":{"url":"https:\/\/pubeurope.com\/@pt\/115808624123700700","error":""},"_links":{"self":[{"href":"https:\/\/www.europesays.com\/pt\/wp-json\/wp\/v2\/posts\/207880","targetHints":{"allow":["GET"]}}],"collection":[{"href":"https:\/\/www.europesays.com\/pt\/wp-json\/wp\/v2\/posts"}],"about":[{"href":"https:\/\/www.europesays.com\/pt\/wp-json\/wp\/v2\/types\/post"}],"author":[{"embeddable":true,"href":"https:\/\/www.europesays.com\/pt\/wp-json\/wp\/v2\/users\/2"}],"replies":[{"embeddable":true,"href":"https:\/\/www.europesays.com\/pt\/wp-json\/wp\/v2\/comments?post=207880"}],"version-history":[{"count":0,"href":"https:\/\/www.europesays.com\/pt\/wp-json\/wp\/v2\/posts\/207880\/revisions"}],"wp:featuredmedia":[{"embeddable":true,"href":"https:\/\/www.europesays.com\/pt\/wp-json\/wp\/v2\/media\/207881"}],"wp:attachment":[{"href":"https:\/\/www.europesays.com\/pt\/wp-json\/wp\/v2\/media?parent=207880"}],"wp:term":[{"taxonomy":"category","embeddable":true,"href":"https:\/\/www.europesays.com\/pt\/wp-json\/wp\/v2\/categories?post=207880"},{"taxonomy":"post_tag","embeddable":true,"href":"https:\/\/www.europesays.com\/pt\/wp-json\/wp\/v2\/tags?post=207880"}],"curies":[{"name":"wp","href":"https:\/\/api.w.org\/{rel}","templated":true}]}}