{"id":20789,"date":"2025-08-08T07:20:41","date_gmt":"2025-08-08T07:20:41","guid":{"rendered":"https:\/\/www.europesays.com\/pt\/20789\/"},"modified":"2025-08-08T07:20:41","modified_gmt":"2025-08-08T07:20:41","slug":"vem-ai-em-a-protegida-oscar-faz-um-aviso-crucial-a-jose-diogo-novelas","status":"publish","type":"post","link":"https:\/\/www.europesays.com\/pt\/20789\/","title":{"rendered":"Vem a\u00ed em \u00abA Protegida\u00bb: \u00d3scar faz um aviso crucial a Jos\u00e9 Diogo &#8211; Novelas"},"content":{"rendered":"<p>Em \u00abA Protegisa\u00bb, <a href=\"https:\/\/tvi.iol.pt\/novelas\/ator\/laura-vilalobos\/67ac8383d34ef72ee442252e\" rel=\"nofollow noopener\" target=\"_blank\">Laura (Alexandra Lencastre)<\/a>\u00a0diz a <a href=\"https:\/\/tvi.iol.pt\/novelas\/ator\/oscar-vieira\/67ae0f71d34ef72ee4423801\" rel=\"nofollow noopener\" target=\"_blank\">\u00d3scar (Joaquim Horta)<\/a>\u00a0que a empresa dele falhou, ao permitir que <a href=\"https:\/\/tvi.iol.pt\/novelas\/ator\/jose-diogo\/67ac875bd34ef72ee4422589\" rel=\"nofollow noopener\" target=\"_blank\">Jos\u00e9 Diogo (Pedro Sousa)<\/a>\u00a0se aproximasse de <a href=\"https:\/\/tvi.iol.pt\/novelas\/ator\/mariana-vilalobos\/67ac80ecd34ef72ee44224fe\" rel=\"nofollow noopener\" target=\"_blank\">Mariana (Matilde Reym\u00e3o)<\/a>. \u00d3scar garante que JD n\u00e3o representa um perigo para Mariana e Laura fica furiosa.<\/p>\n<p>\u00d3scar explica que faz voluntariado na pris\u00e3o e foi assim que conheceu JD. \u00d3scar garante que JD n\u00e3o \u00e9 perigoso e Laura come\u00e7a a n\u00e3o gostar da conversa. Laura diz que ele n\u00e3o sabe nada e que JD j\u00e1 fez muito mal \u00e0 sua fam\u00edlia. Laura exige que a empresa de \u00d3scar mantenha JD afastado de Mariana, ou ter\u00e1 de os despedir.<\/p>\n<p>\u00d3scar liga a JD e diz-lhe que n\u00e3o pode continuar a fazer as rondas de Mariana, pois comprometeu a opera\u00e7\u00e3o, quando deixou que ela o visse. JD afirma que n\u00e3o precisa da autoriza\u00e7\u00e3o de ningu\u00e9m para proteger Mariana. \u00d3scar aconselha-o a manter-se longe, ou s\u00f3 ter\u00e1 mais amarguras.<\/p>\n<p>Recorde-se que j\u00e1 \u00e9 a segunda vez que \u00d3scar deixa Laura desconfiada:<\/p>\n","protected":false},"excerpt":{"rendered":"Em \u00abA Protegisa\u00bb, Laura (Alexandra Lencastre)\u00a0diz a \u00d3scar (Joaquim Horta)\u00a0que a empresa dele falhou, ao permitir que Jos\u00e9&hellip;\n","protected":false},"author":2,"featured_media":20790,"comment_status":"","ping_status":"","sticky":false,"template":"","format":"standard","meta":{"footnotes":""},"categories":[142],"tags":[168,160,166,114,115,157,167,1406,2909,164,161,1409,158,165,159,32,33,156,163,151,162],"class_list":{"0":"post-20789","1":"post","2":"type-post","3":"status-publish","4":"format-standard","5":"has-post-thumbnail","7":"category-tv","8":"tag-a-protegida","9":"tag-ana-guiomar","10":"tag-cristina-ferreira","11":"tag-entertainment","12":"tag-entretenimento","13":"tag-festa-e-festa","14":"tag-ficcao","15":"tag-joaquim-horta","16":"tag-jose-diogo","17":"tag-jose-fidalgo","18":"tag-novelas","19":"tag-oscar","20":"tag-para-sempre","21":"tag-pedro-sousa","22":"tag-pedro-teixeira","23":"tag-portugal","24":"tag-pt","25":"tag-queridos-papas","26":"tag-tiago-teotonio-pereira","27":"tag-tv","28":"tag-tvi"},"share_on_mastodon":{"url":"","error":""},"_links":{"self":[{"href":"https:\/\/www.europesays.com\/pt\/wp-json\/wp\/v2\/posts\/20789","targetHints":{"allow":["GET"]}}],"collection":[{"href":"https:\/\/www.europesays.com\/pt\/wp-json\/wp\/v2\/posts"}],"about":[{"href":"https:\/\/www.europesays.com\/pt\/wp-json\/wp\/v2\/types\/post"}],"author":[{"embeddable":true,"href":"https:\/\/www.europesays.com\/pt\/wp-json\/wp\/v2\/users\/2"}],"replies":[{"embeddable":true,"href":"https:\/\/www.europesays.com\/pt\/wp-json\/wp\/v2\/comments?post=20789"}],"version-history":[{"count":0,"href":"https:\/\/www.europesays.com\/pt\/wp-json\/wp\/v2\/posts\/20789\/revisions"}],"wp:featuredmedia":[{"embeddable":true,"href":"https:\/\/www.europesays.com\/pt\/wp-json\/wp\/v2\/media\/20790"}],"wp:attachment":[{"href":"https:\/\/www.europesays.com\/pt\/wp-json\/wp\/v2\/media?parent=20789"}],"wp:term":[{"taxonomy":"category","embeddable":true,"href":"https:\/\/www.europesays.com\/pt\/wp-json\/wp\/v2\/categories?post=20789"},{"taxonomy":"post_tag","embeddable":true,"href":"https:\/\/www.europesays.com\/pt\/wp-json\/wp\/v2\/tags?post=20789"}],"curies":[{"name":"wp","href":"https:\/\/api.w.org\/{rel}","templated":true}]}}