{"id":207890,"date":"2025-12-30T12:59:22","date_gmt":"2025-12-30T12:59:22","guid":{"rendered":"https:\/\/www.europesays.com\/pt\/207890\/"},"modified":"2025-12-30T12:59:22","modified_gmt":"2025-12-30T12:59:22","slug":"o-que-ganha-israel-por-ser-o-primeiro-pais-a-reconhecer-a-somalilandia-diario-de-noticias","status":"publish","type":"post","link":"https:\/\/www.europesays.com\/pt\/207890\/","title":{"rendered":"O que ganha Israel por ser o primeiro pa\u00eds a reconhecer a Somalil\u00e2ndia? &#8211; Di\u00e1rio de Not\u00edcias"},"content":{"rendered":"<ol>\n<li><a href=\"https:\/\/news.google.com\/rss\/articles\/CBMiogFBVV95cUxQc19mRTFwMEF5X0d2UmdzYWZ5cHBFdmR0Z1RKRmpTbXZOeUkwd25IU3ZWM1ZwXzNGMXNuZllTaUEwX0VsaUU0VklHaUJERThic0w0Y21tMW95X0pxaUNBMkxRVDVXTDFQZ3BqYk91aEwyeUd0RnFtUmlaeVp1UWRObVZiNzF1c0RXU0JzR1laQW9aMTVEZXA3Zk9nMVhFRzVDTnc?oc=5\" target=\"_blank\" rel=\"nofollow noopener\">O que ganha Israel por ser o primeiro pa\u00eds a reconhecer a Somalil\u00e2ndia?<\/a>&nbsp;&nbsp;Di\u00e1rio de Not\u00edcias<\/li>\n<li><a href=\"https:\/\/news.google.com\/rss\/articles\/CBMi8wFBVV95cUxPQ25nOURnQVFON01Jck1PNmx4MUZ6ZEFWSEp0ZW9LczlDZmxLTm5fTlVkaXYwbzE4d2cxbVZ4MERBQU5YdXAxaUEzZTZDUVJ2dWphRktJdUY5aGNDVTdqa0M0N1NIRFUtWnpVeU0xN21jQk5VTndNOGpfX2R6c1ZqV2d1WVU4aVp6M01ZWVA3ZVNaaTFTWVlySXFMakcyR0VSWUhWLUZlUDRjalk2NzFyZ0R4MjFMSnVHSThuMHNHc0NKR1l3Q3NYWHNpTXo4eHVKUnRPSzBOYzl6TDJDWm9OVm8zbkFST3F6MXVpU1BoaEx3U1nSAYICQVVfeXFMT0hjV2tNbFFlejNKdkdnSDBTVWhOQW9SaEtKRjhWQWlmREdBaWxYY2dwamt3Sld0TThlSVBaakdLcW5IXzlPX3p4Zy1rU0RwT0JTRmRWZU10WmZkbXdKeGNCNzlZTUZpTDJucFdVMEstaUJsc1BiRWdzUzRmcUtLN3hNa09ScUhqZWJUbnBZNmN6WUxSbG9FSE83UGlCam93OGYwVjB1TWp3VUFJSzR4R3VvdHBmeU13dngxZmE3UVZzaUlBM0tOUnYzY2FkSUxZbDRBMENndmRCY0JOd2o2clhqb1dfY2N5Rndsbno0MURuRVVCOWFwUVpVWmVzQWRTY2V3?oc=5\" target=\"_blank\" rel=\"nofollow noopener\">Somalil\u00e2ndia: o territ\u00f3rio que declarou independ\u00eancia h\u00e1 mais de 30 anos e passou a ser reconhecido por Israel<\/a>&nbsp;&nbsp;G1<\/li>\n<li><a href=\"https:\/\/news.google.com\/rss\/articles\/CBMisAFBVV95cUxOaWtDWEU2MDg0clE4WWRRTkJDQ0hOVXZ5R1hKTUtUQko3bHotbVc5VXJYWEp4NEU5ZUJnb1ViaDYwcWZ1Ml90VWJHNUg2NzlLaC0tWkM0WUZlaVVOSno0RG9VdDhEYTl6NWdDcm11LXNwbVpPdTFnQW44RWlpSmF5dVRRR2lYWW9CMTVlYUdKZ1pQclhuUmE3UmNlS1lyQkdPb08zOWM2S190ZHVMNzc5dtIBsAFBVV95cUxPUU1lYWZLVHBzMjkzcHN3LUZsVWc1emxjaU80ZmJwZnBUaTg3WU5fbDNFeXBneW1jQ0Vub3RLdGM1aHBNZnVITWFidERFempnS1dubjZwaEVpYlBabHVpWVB4UUVmQ1VhdHJURFoxMVFhMGNmZkxkZlRfMTJXZFBEdVhEazdpSFlYdE9uQTBNMWtCTW4waDhwNjZfZlNDeTVXVkxVY0R2TWVibFoxLUNvbQ?oc=5\" target=\"_blank\" rel=\"nofollow noopener\">Somalil\u00e2ndia, o territ\u00f3rio que quer ser novo pa\u00eds africano<\/a>&nbsp;&nbsp;DW<\/li>\n<li><a href=\"https:\/\/news.google.com\/rss\/articles\/CBMipAFBVV95cUxOa2J0V0R1UmNkaFJOckNJa3huOFFUZHVnUXg2Vmc2WUFyRFRnMHRndkhHczM5anBubFZiUXB2cXVzUEdBSTNFTWxueTFlTkRuVUJvNWNRNlBSZXYzNWpRNzRBUnNfUFhIY1VuSTlNMk1aVzNybXlLLUJqTFhqc0xTRmVnNDhKcGhjMEozRm0xNDZGNkE5QUlWS2pjMUlhNTY0VGZaOA?oc=5\" target=\"_blank\" rel=\"nofollow noopener\">Liga \u00c1rabe critica Israel por reconhecer Somalil\u00e2ndia<\/a>&nbsp;&nbsp;Poder360<\/li>\n<li><a href=\"https:\/\/news.google.com\/rss\/articles\/CBMiuwFBVV95cUxPUnhjOG51RDZ0N3dxWHBJSmZ6a2NJVUl2a3kyc3hWQzlNMElGUEJKME5BVmdiM015S3dwVWNjVEhPWDZ0OG5xMDE2OHJMN2plT19xX05NVHlpRWh5bmJfaU5SNWNjZW9yM2M3QlJOZ3dCOExPMXlNNW1zcHl2cGEyT1QwOU5LcHA0WUVRUEJlSERlcUFTalRYQjlaWDQtcTVLM0ZRc1g2ZWJKbFBFQjNiendLSlZFMFVHbjVZ?oc=5\" target=\"_blank\" rel=\"nofollow noopener\">Israel \u00e9 o primeiro pa\u00eds a reconhecer Somalil\u00e2ndia como Estado independente<\/a>&nbsp;&nbsp;CNN Brasil<\/li>\n<\/ol>\n","protected":false},"excerpt":{"rendered":"O que ganha Israel por ser o primeiro pa\u00eds a reconhecer a Somalil\u00e2ndia?&nbsp;&nbsp;Di\u00e1rio de Not\u00edcias Somalil\u00e2ndia: o territ\u00f3rio&hellip;\n","protected":false},"author":2,"featured_media":207891,"comment_status":"","ping_status":"","sticky":false,"template":"","format":"standard","meta":{"footnotes":""},"categories":[50],"tags":[258,27,28,306,15,16,14,82,259,25,26,21,22,62,12,13,19,20,23,24,26466,8634,17,18,29,30,31,63,64,65],"class_list":{"0":"post-207890","1":"post","2":"type-post","3":"status-publish","4":"format-standard","5":"has-post-thumbnail","7":"category-mundo","8":"tag-benjamin-netanyahu","9":"tag-breaking-news","10":"tag-breakingnews","11":"tag-edicao-impressa","12":"tag-featured-news","13":"tag-featurednews","14":"tag-headlines","15":"tag-internacional","16":"tag-israel","17":"tag-latest-news","18":"tag-latestnews","19":"tag-main-news","20":"tag-mainnews","21":"tag-mundo","22":"tag-news","23":"tag-noticias","24":"tag-noticias-principais","25":"tag-noticiasprincipais","26":"tag-principais-noticias","27":"tag-principaisnoticias","28":"tag-somalia","29":"tag-somalilandia","30":"tag-top-stories","31":"tag-topstories","32":"tag-ultimas","33":"tag-ultimas-noticias","34":"tag-ultimasnoticias","35":"tag-world","36":"tag-world-news","37":"tag-worldnews"},"share_on_mastodon":{"url":"","error":"Validation failed: Text character limit of 500 exceeded"},"_links":{"self":[{"href":"https:\/\/www.europesays.com\/pt\/wp-json\/wp\/v2\/posts\/207890","targetHints":{"allow":["GET"]}}],"collection":[{"href":"https:\/\/www.europesays.com\/pt\/wp-json\/wp\/v2\/posts"}],"about":[{"href":"https:\/\/www.europesays.com\/pt\/wp-json\/wp\/v2\/types\/post"}],"author":[{"embeddable":true,"href":"https:\/\/www.europesays.com\/pt\/wp-json\/wp\/v2\/users\/2"}],"replies":[{"embeddable":true,"href":"https:\/\/www.europesays.com\/pt\/wp-json\/wp\/v2\/comments?post=207890"}],"version-history":[{"count":0,"href":"https:\/\/www.europesays.com\/pt\/wp-json\/wp\/v2\/posts\/207890\/revisions"}],"wp:featuredmedia":[{"embeddable":true,"href":"https:\/\/www.europesays.com\/pt\/wp-json\/wp\/v2\/media\/207891"}],"wp:attachment":[{"href":"https:\/\/www.europesays.com\/pt\/wp-json\/wp\/v2\/media?parent=207890"}],"wp:term":[{"taxonomy":"category","embeddable":true,"href":"https:\/\/www.europesays.com\/pt\/wp-json\/wp\/v2\/categories?post=207890"},{"taxonomy":"post_tag","embeddable":true,"href":"https:\/\/www.europesays.com\/pt\/wp-json\/wp\/v2\/tags?post=207890"}],"curies":[{"name":"wp","href":"https:\/\/api.w.org\/{rel}","templated":true}]}}