{"id":207894,"date":"2025-12-30T13:02:14","date_gmt":"2025-12-30T13:02:14","guid":{"rendered":"https:\/\/www.europesays.com\/pt\/207894\/"},"modified":"2025-12-30T13:02:14","modified_gmt":"2025-12-30T13:02:14","slug":"a-demostracao-de-forca-e-de-coragem-de-rute-cardoso-em-nome-do-grande-amor-da-sua-vida-diogo-jota-nacional","status":"publish","type":"post","link":"https:\/\/www.europesays.com\/pt\/207894\/","title":{"rendered":"A demostra\u00e7\u00e3o de for\u00e7a e de coragem de Rute Cardoso em nome do grande amor da sua vida, Diogo Jota &#8211; Nacional"},"content":{"rendered":"<p class=\"\">&#13;<br \/>\n        <b>Rute Cardoso voltou a emocionar o Pa\u00eds ao surgir, este domingo, na Corrida de S\u00e3o Silvestre do Porto<\/b>. Entre milhares de participantes, a <b>vi\u00fava de Diogo Jota destacou-se n\u00e3o apenas por completar os 10 quil\u00f3metros da prova, mas pelo simbolismo silencioso que levou ao peito<\/b>: o dorsal n\u00famero 20, o mesmo que o internacional portugu\u00eas envergou no Liverpool e que o clube eternizou ap\u00f3s a sua morte.&#13;\n    <\/p>\n<p class=\"\">&#13;<br \/>\n        A meta foi cruzada com determina\u00e7\u00e3o, num gesto que muitos leram como um tributo em movimento. Pouco depois, nas redes sociais, <b>Rute assinalou o momento com uma legenda curta, mas carregada de significado: \u201c20+10\u201d<\/b>. Uma clara alus\u00e3o ao n\u00famero da camisola de Diogo Jota e \u00e0 dist\u00e2ncia percorrida. A publica\u00e7\u00e3o gerou uma onda de rea\u00e7\u00f5es, com <b>centenas de mensagens de apoio, elogios e reconhecimento pela for\u00e7a e coragem demonstradas<\/b>.&#13;\n    <\/p>\n<p class=\"\">&#13;<br \/>\n        O momento ganha ainda maior peso emocional por ter ocorrido num fim de semana particularmente marcante para a fam\u00edlia. Enquanto os pais de Diogo Jota se encontravam no Dubai, onde receberam um pr\u00e9mio especial em nome do filho na gala dos Globe Soccer Awards, Rute escolheu homenagear o marido \u00e0 sua maneira: atrav\u00e9s do desporto.&#13;\n    <\/p>\n<p class=\"\">&#13;<br \/>\n        Na v\u00e9spera da corrida, <b>Rute Cardoso e os tr\u00eas filhos \u2013 Duarte, Dinis e Mafalda \u2013 estiveram em Anfield Road para uma sentida homenagem prestada pelo Liverpool<\/b>, em conjunto com o Wolverhampton, outro dos clubes ingleses que marcaram o percurso de Diogo Jota. Os dois filhos mais velhos protagonizaram um dos momentos mais comoventes da cerim\u00f3nia ao entrarem em campo de m\u00e3o dada com Virgil van Dijk, capit\u00e3o dos reds. A pequena Mafalda, que completou um ano em novembro, assistiu a tudo a partir das bancadas, ao colo da m\u00e3e.&#13;\n    <\/p>\n<p class=\"\">&#13;<br \/>\n        Diogo Jota morreu a 3 de julho de 2025, aos 28 anos, na sequ\u00eancia de um tr\u00e1gico acidente de via\u00e7\u00e3o em Espanha, que vitimou tamb\u00e9m o irm\u00e3o, Andr\u00e9 Silva. Desde ent\u00e3o, Rute Cardoso tem surgido como um s\u00edmbolo de resili\u00eancia, transformando a dor em homenagens discretas, mas profundamente simb\u00f3licas, que continuam a tocar f\u00e3s, adeptos e o Pa\u00eds.&#13;\n    <\/p>\n<p>        &#13;<br \/>\n            Saber mais sobre&#13;<br \/>\n            &#13;<br \/>\n            &#13;<\/p>\n<p>    &#13;<br \/>\n        &#13;<br \/>\n        &#13;<br \/>\n&#13;<\/p>\n","protected":false},"excerpt":{"rendered":"&#13; Rute Cardoso voltou a emocionar o Pa\u00eds ao surgir, este domingo, na Corrida de S\u00e3o Silvestre do&hellip;\n","protected":false},"author":2,"featured_media":207895,"comment_status":"","ping_status":"","sticky":false,"template":"","format":"standard","meta":{"footnotes":""},"categories":[145],"tags":[23267,1693,211,210,2683,10581,1691,5225,114,115,640,524,33937,40937,462,32,33,40938],"class_list":{"0":"post-207894","1":"post","2":"type-post","3":"status-publish","4":"format-standard","5":"has-post-thumbnail","7":"category-celebridades","8":"tag-acidente-geral","9":"tag-anfield","10":"tag-celebridades","11":"tag-celebrities","12":"tag-cerimonia","13":"tag-desastres-acidentes-e-emergencias","14":"tag-diogo-jota","15":"tag-dubai","16":"tag-entertainment","17":"tag-entretenimento","18":"tag-espanha","19":"tag-futebol","20":"tag-globe-soccer-awards","21":"tag-liverpool-football-club","22":"tag-porto","23":"tag-portugal","24":"tag-pt","25":"tag-wolverhampton-wanderers-football-club"},"share_on_mastodon":{"url":"https:\/\/pubeurope.com\/@pt\/115808655262081390","error":""},"_links":{"self":[{"href":"https:\/\/www.europesays.com\/pt\/wp-json\/wp\/v2\/posts\/207894","targetHints":{"allow":["GET"]}}],"collection":[{"href":"https:\/\/www.europesays.com\/pt\/wp-json\/wp\/v2\/posts"}],"about":[{"href":"https:\/\/www.europesays.com\/pt\/wp-json\/wp\/v2\/types\/post"}],"author":[{"embeddable":true,"href":"https:\/\/www.europesays.com\/pt\/wp-json\/wp\/v2\/users\/2"}],"replies":[{"embeddable":true,"href":"https:\/\/www.europesays.com\/pt\/wp-json\/wp\/v2\/comments?post=207894"}],"version-history":[{"count":0,"href":"https:\/\/www.europesays.com\/pt\/wp-json\/wp\/v2\/posts\/207894\/revisions"}],"wp:featuredmedia":[{"embeddable":true,"href":"https:\/\/www.europesays.com\/pt\/wp-json\/wp\/v2\/media\/207895"}],"wp:attachment":[{"href":"https:\/\/www.europesays.com\/pt\/wp-json\/wp\/v2\/media?parent=207894"}],"wp:term":[{"taxonomy":"category","embeddable":true,"href":"https:\/\/www.europesays.com\/pt\/wp-json\/wp\/v2\/categories?post=207894"},{"taxonomy":"post_tag","embeddable":true,"href":"https:\/\/www.europesays.com\/pt\/wp-json\/wp\/v2\/tags?post=207894"}],"curies":[{"name":"wp","href":"https:\/\/api.w.org\/{rel}","templated":true}]}}