{"id":207911,"date":"2025-12-30T13:15:10","date_gmt":"2025-12-30T13:15:10","guid":{"rendered":"https:\/\/www.europesays.com\/pt\/207911\/"},"modified":"2025-12-30T13:15:10","modified_gmt":"2025-12-30T13:15:10","slug":"governo-reforca-seguranca-no-aeroporto-de-lisboa-com-gnr","status":"publish","type":"post","link":"https:\/\/www.europesays.com\/pt\/207911\/","title":{"rendered":"Governo Refor\u00e7a Seguran\u00e7a no Aeroporto de Lisboa com GNR"},"content":{"rendered":"<p>A ministra da Administra\u00e7\u00e3o Interna determinou o refor\u00e7o da PSP no aeroporto de Lisboa por militares da GNR, em condi\u00e7\u00f5es que est\u00e3o neste momento a ser definidas entre os comandos de ambas as for\u00e7as de seguran\u00e7a, sabe o DN por fontes que est\u00e3o a acompanhar o processo.<\/p>\n<p>&#8220;Confirmo que foi dada indica\u00e7\u00e3o para se proceder ao apoio no aeroporto de Lisboa. Os termos est\u00e3o a ser coordenados&#8221;, assegurou ao DN o porta-voz do comando-geral da GNR.<\/p>\n<p>A medida de exce\u00e7\u00e3o est\u00e1 prevista no despacho conjunto de outubro passado que criou uma &#8220;equipa especial para a gest\u00e3o dos fluxos de passageiros&#8221; nos aeroporto de Lisboa e Faro.<\/p>\n<p><strong>&#8220;Sempre que se revele necess\u00e1rio, a Guarda Nacional Republicana e a Ag\u00eancia para a Integra\u00e7\u00e3o, Migra\u00e7\u00f5es e Asilo, I. P (AIMA) poder\u00e3o ser chamadas a intervir nos trabalhos da equipa especial, assegurando a disponibiliza\u00e7\u00e3o dos meios necess\u00e1rios \u00e0 prossecu\u00e7\u00e3o das respetivas a\u00e7\u00f5es&#8221;<\/strong>, est\u00e1 escrito no documento assinado pelos ministros das Finan\u00e7as, Joaquim Sarmento, da Presid\u00eancia, Ant\u00f3nio Leit\u00e3o Amaro, das Infraestruturas e da Habita\u00e7\u00e3o, Miguel Pinto Luz, da Justi\u00e7am Rita J\u00fadice,  e da Administra\u00e7\u00e3o Interna, Maria L\u00facia Amaral.<\/p>\n<p>Nos \u00faltimos dias, <a aria-label=\"content\" target=\"_blank\" href=\"https:\/\/www.dn.pt\/sociedade\/ana-aeroportos-no-explica-longas-filas-psp-diz-que-est-em-capacidade-mxima\" rel=\"nofollow noopener\">conforme o DN j\u00e1 noticiou<\/a>, tem-se agravado a situa\u00e7\u00e3o no aeroporto Humberto Delgado, situa\u00e7\u00e3o essa que j\u00e1 tinha sido classificada, no referido despacho h\u00e1 mais de dois meses como tendo &#8220;impacto no conforto e seguran\u00e7a dos passageiros e na imagem e economia do pa\u00eds&#8221;.<\/p>\n<p>O DN j\u00e1 contactou o gabinete da ministra Maria L\u00facia Amaral e a dire\u00e7\u00e3o nacional da PSP, para explicarem exatamente em que termos se vai concretizar este refor\u00e7o, e aguardamos resposta.<\/p>\n<p>\u00c0 partida, algumas quest\u00f5es legais e operacionais se colocam: a seguran\u00e7a e controlo das fronteiras a\u00e9reas s\u00e3o da compet\u00eancia exclusiva da PSP; a GNR n\u00e3o tem forma\u00e7\u00e3o para a fronteira a\u00e9rea que s\u00e3o diferentes dos das fronteiras mar\u00edtimas onde atua.<\/p>\n<p><strong>Por\u00e9m, n\u00e3o \u00e9 a primeira vez que a GNR vai refor\u00e7ar a PSP no aeroporto de Lisboa.<\/strong> <\/p>\n<p><a aria-label=\"content\" target=\"_blank\" href=\"https:\/\/www.dn.pt\/sociedade\/cooperacao-gnr-reforca-a-psp-na-fronteira-do-aeroporto-de-lisboa\" rel=\"nofollow noopener\">Em fevereiro de 2024<\/a>, a GNR disponibilizou 17 militares para assumir  o lugar de agentes da PSP no controlo de fronteira, para prevenir perturba\u00e7\u00f5es operacionais causadas por faltas devido a baixas m\u00e9dicas.  <\/p>\n<p>Nessa altura, a situa\u00e7\u00e3o do aeroporto Humberto Delgado era \u201cpreocupante e cr\u00edtica\u201d, na avalia\u00e7\u00e3o da Associa\u00e7\u00e3o Sindical dos Profissionais de Pol\u00edcia (ASPP, o maior sindicato dos pol\u00edcias) por causa do n\u00famero de agentes em baixa m\u00e9dica, mais de metade dos 90 que est\u00e3o no controlo de fronteiras &#8211; a Divis\u00e3o do aeroporto tem mais de 300 elementos, mas est\u00e3o destacados para v\u00e1rias outras tarefas de seguran\u00e7a aeroportu\u00e1ria.<\/p>\n<p>De acordo com um of\u00edcio interno da GNR com o assunto \u201cApoio operacional nos postos de fronteira a\u00e9reos\u201d, assinado na altura, o pedido foi feito pelo ent\u00e3o pelo diretor nacional-adjunto para a Seguran\u00e7a Aeroportu\u00e1ria e Controlo Fronteiri\u00e7o da PSP, superintendente-chefe Pedro Teixeira,  solicitando \u00e0 GNR  \u201capoio tempor\u00e1rio\u201d para os aeroportos. <\/p>\n","protected":false},"excerpt":{"rendered":"A ministra da Administra\u00e7\u00e3o Interna determinou o refor\u00e7o da PSP no aeroporto de Lisboa por militares da GNR,&hellip;\n","protected":false},"author":2,"featured_media":207912,"comment_status":"","ping_status":"","sticky":false,"template":"","format":"standard","meta":{"footnotes":""},"categories":[8],"tags":[322,27,28,15,16,930,12440,14,25,26,21,22,10812,12,13,19,20,27096,32,23,24,33,1717,17,18,29,30,31],"class_list":{"0":"post-207911","1":"post","2":"type-post","3":"status-publish","4":"format-standard","5":"has-post-thumbnail","7":"category-principais-noticias","8":"tag-aeroporto","9":"tag-breaking-news","10":"tag-breakingnews","11":"tag-featured-news","12":"tag-featurednews","13":"tag-fronteira","14":"tag-gnr-guarda-nacional-republicana","15":"tag-headlines","16":"tag-latest-news","17":"tag-latestnews","18":"tag-main-news","19":"tag-mainnews","20":"tag-ministra-da-administracao-interna","21":"tag-news","22":"tag-noticias","23":"tag-noticias-principais","24":"tag-noticiasprincipais","25":"tag-policia-de-seguranca-publica-psp","26":"tag-portugal","27":"tag-principais-noticias","28":"tag-principaisnoticias","29":"tag-pt","30":"tag-seguranca","31":"tag-top-stories","32":"tag-topstories","33":"tag-ultimas","34":"tag-ultimas-noticias","35":"tag-ultimasnoticias"},"share_on_mastodon":{"url":"https:\/\/pubeurope.com\/@pt\/115808706487748623","error":""},"_links":{"self":[{"href":"https:\/\/www.europesays.com\/pt\/wp-json\/wp\/v2\/posts\/207911","targetHints":{"allow":["GET"]}}],"collection":[{"href":"https:\/\/www.europesays.com\/pt\/wp-json\/wp\/v2\/posts"}],"about":[{"href":"https:\/\/www.europesays.com\/pt\/wp-json\/wp\/v2\/types\/post"}],"author":[{"embeddable":true,"href":"https:\/\/www.europesays.com\/pt\/wp-json\/wp\/v2\/users\/2"}],"replies":[{"embeddable":true,"href":"https:\/\/www.europesays.com\/pt\/wp-json\/wp\/v2\/comments?post=207911"}],"version-history":[{"count":0,"href":"https:\/\/www.europesays.com\/pt\/wp-json\/wp\/v2\/posts\/207911\/revisions"}],"wp:featuredmedia":[{"embeddable":true,"href":"https:\/\/www.europesays.com\/pt\/wp-json\/wp\/v2\/media\/207912"}],"wp:attachment":[{"href":"https:\/\/www.europesays.com\/pt\/wp-json\/wp\/v2\/media?parent=207911"}],"wp:term":[{"taxonomy":"category","embeddable":true,"href":"https:\/\/www.europesays.com\/pt\/wp-json\/wp\/v2\/categories?post=207911"},{"taxonomy":"post_tag","embeddable":true,"href":"https:\/\/www.europesays.com\/pt\/wp-json\/wp\/v2\/tags?post=207911"}],"curies":[{"name":"wp","href":"https:\/\/api.w.org\/{rel}","templated":true}]}}