{"id":207932,"date":"2025-12-30T13:30:12","date_gmt":"2025-12-30T13:30:12","guid":{"rendered":"https:\/\/www.europesays.com\/pt\/207932\/"},"modified":"2025-12-30T13:30:12","modified_gmt":"2025-12-30T13:30:12","slug":"o-que-se-sabe-sobre-o-streamer-que-atropelou-um-seguidor-durante-transmissao-ao-vivo-r7-entretenimento","status":"publish","type":"post","link":"https:\/\/www.europesays.com\/pt\/207932\/","title":{"rendered":"O que se sabe sobre o streamer que atropelou um seguidor durante transmiss\u00e3o ao vivo \u2013 R7 Entretenimento"},"content":{"rendered":"<p>LEIA AQUI O RESUMO DA NOT\u00cdCIA<\/p>\n<ul class=\"b-article-body-custom-embed-brief-news__list\" style=\"margin: 0; padding-left: 20px; list-style-type: disc;\">\n<li>Braden Peters, conhecido como Clavicular, atropelou supostamente um seguidor durante uma live em 24 de dezembro.<\/li>\n<li>V\u00eddeos mostram Clavicular ao volante durante o incidente. Ap\u00f3s o suposto atropelamento, ele questiona se a pessoa estava morta.<\/li>\n<li>Clavicular afirma que agiu em leg\u00edtima defesa, alegando ter sido amea\u00e7ado por pessoas armadas.<\/li>\n<li>Ap\u00f3s o incidente, seu canal foi desativado e ele recebeu orienta\u00e7\u00f5es de outros streamers sobre como lidar com a situa\u00e7\u00e3o.<\/li>\n<\/ul>\n<p style=\"font-size: 0.8em; font-style: italic; text-align: right; margin-top: 15px; padding-bottom: 5px; margin-bottom: 0;\">Produzido pela Ri7a &#8211; a Intelig\u00eancia Artificial do R7<\/p>\n<p><img decoding=\"async\" data-chromatic=\"ignore\" alt=\"\" class=\"c-image\" loading=\"lazy\" src=\"https:\/\/www.europesays.com\/pt\/wp-content\/uploads\/2025\/12\/TE6PFHOVANE7TD7XYXSYIK7RKA.jpg\"  width=\"1165\" height=\"609\"\/>Clavicular foi expulso da plataforma de streaming ap\u00f3s passar por cima de uma pessoa com seu carro Reprodu\u00e7\u00e3o\/X\/NotWeb3liveNews <\/p>\n<p class=\"jarvics:base-text-neutral-high-400 base-text-[calc(theme(fontSize.xs)_*_var(--font-size,_1))] base-font-normal base-font-primary base-text-neutral-low-500 base-text-left\">O streamer dos <a href=\"https:\/\/noticias.r7.com\/internacional\/estados-unidos\/\" target=\"_blank\" rel=\"noreferrer nofollow noopener\" title=\"https:\/\/noticias.r7.com\/internacional\/estados-unidos\/\">EUA<\/a>, Braden Peters, mais conhecido pelo seu pseud\u00f4nimo online Clavicular, fez uma <a href=\"https:\/\/entretenimento.r7.com\/prisma\/fabiola-reipert\/davi-brito-faz-live-de-seis-horas-bebendo-cerveja-pede-patrocinio-e-se-lanca-deputado-federal-27122025\/\" target=\"_blank\" rel=\"noreferrer nofollow noopener\" title=\"https:\/\/entretenimento.r7.com\/prisma\/fabiola-reipert\/davi-brito-faz-live-de-seis-horas-bebendo-cerveja-pede-patrocinio-e-se-lanca-deputado-federal-27122025\/\">live<\/a> em 24 de dezembro em que ele aparece aparentemente <a href=\"https:\/\/esportes.r7.com\/mais-esportes\/jogador-de-basquete-morre-atropelado-por-trem-a-caminho-do-treino-17122025\/\" target=\"_blank\" rel=\"noreferrer nofollow noopener\" title=\"https:\/\/esportes.r7.com\/mais-esportes\/jogador-de-basquete-morre-atropelado-por-trem-a-caminho-do-treino-17122025\/\">atropelando<\/a> uma pessoa com seu <a href=\"https:\/\/noticias.r7.com\/internacional\/sem-vaga-na-garagem-empresario-estaciona-carro-de-luxo-na-varanda-do-apartamento-15122025\/\" target=\"_blank\" rel=\"noreferrer nofollow noopener\" title=\"https:\/\/noticias.r7.com\/internacional\/sem-vaga-na-garagem-empresario-estaciona-carro-de-luxo-na-varanda-do-apartamento-15122025\/\">carro<\/a>.<\/p>\n<p class=\"jarvics:base-text-neutral-high-400 base-text-[calc(theme(fontSize.xs)_*_var(--font-size,_1))] base-font-normal base-font-primary base-text-neutral-low-500 base-text-left\">Nas <a href=\"https:\/\/www.r7.com\/tudo-sobre\/redes-sociais\/\" target=\"_blank\" rel=\"noreferrer nofollow noopener\" title=\"https:\/\/www.r7.com\/tudo-sobre\/redes-sociais\/\">redes sociais<\/a>, circulam v\u00eddeos em que se v\u00ea algu\u00e9m deitado sobre o para-brisa do ve\u00edculo, momento em que o carro avan\u00e7a e sofre um solavanco. \u00c9 poss\u00edvel ouvir um dos passageiros se desesperar. Logo ap\u00f3s, Clavicular questiona se a <a href=\"https:\/\/noticias.r7.com\/internacional\/quem-e-o-youtuber-sul-coreano-morto-apos-participar-de-maratona-de-jogo-online-10092025\/\" target=\"_blank\" rel=\"noreferrer nofollow noopener\" title=\"https:\/\/noticias.r7.com\/internacional\/quem-e-o-youtuber-sul-coreano-morto-apos-participar-de-maratona-de-jogo-online-10092025\/\">pessoa estava morta<\/a>. \u201cEst\u00e1 morto? Espero que sim\u201d, afirma. Horas depois de viralizar, este trecho foi cortado do v\u00eddeo.<\/p>\n<p class=\"jarvics:base-text-neutral-high-400 base-text-[calc(theme(fontSize.xs)_*_var(--font-size,_1))] base-font-normal base-font-primary base-text-neutral-low-500 base-text-left\">Ap\u00f3s a divulga\u00e7\u00e3o dos v\u00eddeos, seu canal na Kick foi desativado sem qualquer justificativa oficial dada pelo criador de conte\u00fado ou pela plataforma de streaming. N\u00e3o h\u00e1 informa\u00e7\u00f5es confirmadas sobre o estado da v\u00edtima.<\/p>\n<p class=\"jarvics:base-text-neutral-high-400 base-text-[calc(theme(fontSize.xs)_*_var(--font-size,_1))] base-font-normal base-font-primary base-text-neutral-low-500 base-text-left\">Clavicular, de 19 anos, defende-se alegando que agiu em leg\u00edtima defesa. Ele diz ter sido amea\u00e7ado por pessoas armadas ao redor do carro. Em um trecho da transmiss\u00e3o ao vivo, ele conversa com algu\u00e9m usando um colete refletivo, explicando que se sentiu cercado e amea\u00e7ado, chegando a mencionar a vis\u00e3o de uma arma entre as roupas de uma das pessoas ao redor.<\/p>\n<p class=\"jarvics:base-text-neutral-high-400 base-text-[calc(theme(fontSize.xs)_*_var(--font-size,_1))] base-font-normal base-font-primary base-text-neutral-low-500 base-text-left\">Posteriormente, Clavicular postou na rede social X (antigo Twitter) sobre o incidente, incluindo uma imagem gerada por <a href=\"https:\/\/www.r7.com\/tudo-sobre\/inteligencia-artificial\/\" target=\"_blank\" rel=\"noreferrer nofollow noopener\" title=\"https:\/\/www.r7.com\/tudo-sobre\/inteligencia-artificial\/\">intelig\u00eancia artificial<\/a> que o mostra com uma pessoa sob a roda do Cybertruck, com a legenda insinuando consequ\u00eancias para as a\u00e7\u00f5es praticadas.<\/p>\n<p class=\"jarvics:base-text-neutral-high-400 base-text-[calc(theme(fontSize.xs)_*_var(--font-size,_1))] base-font-normal base-font-primary base-text-neutral-low-500 base-text-left\">Ele tamb\u00e9m compartilhou um v\u00eddeo onde seguran\u00e7as de um estacionamento parecem defend\u00ea-lo, alegando que ele atropelou um perseguidor armado que o estava assediando.<\/p>\n<p class=\"jarvics:base-text-neutral-high-400 base-text-[calc(theme(fontSize.xs)_*_var(--font-size,_1))] base-font-normal base-font-primary base-text-neutral-low-500 base-text-left\">Ap\u00f3s a repercuss\u00e3o do caso, o streamer americano Adin Ross teria entrado em contato com Clavicular, aconselhando-o a manter as grava\u00e7\u00f5es dos eventos e a evitar declara\u00e7\u00f5es p\u00fablicas. Ross sugeriu que ele documentasse o incidente em outra plataforma, sem habilitar coment\u00e1rios.<\/p>\n<p><video controls=\"\" class=\"video-js\" preload=\"metadata\" poster=\"https:\/\/d22yf0mxeu0gma.cloudfront.net\/10-21-2025\/t_80a0004af68347cdadd8db819d4e654b_name_imagens_record_news___2025_10_21T193607_394.png\" title=\"Carro explode ap&#xF3;s ser carregado com adaptador &quot;pirata&quot;\" data-sprite-url=\"\" data-metadata=\"{&quot;title&quot;:&quot;Carro explode ap&#xF3;s ser carregado com adaptador \\&quot;pirata\\&quot;&quot;,&quot;sectionName&quot;:&quot;R7&quot;,&quot;mainSection&quot;:&quot;Famosos e TV&quot;,&quot;subSection&quot;:&quot;&quot;,&quot;views&quot;:&quot;&quot;,&quot;disableAdv&quot;:&quot;false&quot;,&quot;createdDate&quot;:&quot;2025-10-21T22:59:04Z&quot;,&quot;mainSectionUrl&quot;:&quot;https:\/\/noticias.r7.com\/record-news\/news-das-19h\/video\/carro-explode-apos-ser-carregado-com-adaptador-pirata-21102025\/&quot;,&quot;sectionPath&quot;:&quot;https:\/\/noticias.r7.com\/record-news\/news-das-19h&quot;,&quot;ageRating&quot;:&quot;&quot;,&quot;ageRatingDescription&quot;:&quot;&quot;,&quot;duration&quot;:69610,&quot;playerUrl&quot;:&quot;https:\/\/noticias.r7.com\/player\/279b23c0-3479-44d6-9764-fdf2c24a9fff\/&quot;}\" data-player-params=\"{&quot;p&quot;:&quot;true&quot;,&quot;autoPlay&quot;:&quot;false&quot;,&quot;logo&quot;:&quot;true&quot;,&quot;playlistId&quot;:&quot;false&quot;,&quot;calhau&quot;:&quot;false&quot;,&quot;share&quot;:&quot;true&quot;,&quot;sz&quot;:&quot;false&quot;,&quot;full&quot;:&quot;true&quot;,&quot;customAdHash&quot;:&quot;\/7542\/R7entretenimento\/famosostv&quot;,&quot;referrerUrl&quot;:&quot;&quot;,&quot;externalLinks&quot;:&quot;true&quot;,&quot;debug&quot;:&quot;false&quot;,&quot;debugHash&quot;:&quot;false&quot;,&quot;debugRelated&quot;:&quot;false&quot;,&quot;timerRelated&quot;:&quot;true&quot;,&quot;logoRecord&quot;:&quot;false&quot;,&quot;contextModal&quot;:&quot;false&quot;,&quot;parentUrl&quot;:&quot;https:\/\/record.r7.com\/&quot;,&quot;t&quot;:&quot;0&quot;,&quot;noTitle&quot;:false,&quot;endBehavior&quot;:&quot;default&quot;}\" data-related-videos=\"[{&quot;title&quot;:&quot;China vai cercar Taiwan em treinamento de guerra real com simula&#xE7;&#xE3;o de ataques&quot;,&quot;thumb&quot;:&quot;https:\/\/d22yf0mxeu0gma.cloudfront.net\/12-29-2025\/t_4993ac6267e144dea79195decd7baca3_name_file_960x540_1600_v4_.jpg&quot;,&quot;url&quot;:&quot;https:\/\/noticias.r7.com\/record-news\/conexao-record-news\/video\/china-vai-cercar-taiwan-em-treinamento-de-guerra-real-com-simulacao-de-ataques-29122025\/&quot;,&quot;embedUrl&quot;:&quot;https:\/\/noticias.r7.com\/player\/a9d2a73a-efff-427b-becd-5d34fc36bacb\/&quot;},{&quot;title&quot;:&quot;Dois helic&#xF3;pteros colidem no ar nos EUA; um piloto morre e o outro sofre ferimentos graves&quot;,&quot;thumb&quot;:&quot;https:\/\/d22yf0mxeu0gma.cloudfront.net\/12-28-2025\/t_62f43fedcdf0469c9982ea30c510830d_name_2025_12_28T204226Z_1_LOP280728122025RP1_RTRMADP_BASEIMAGE_960X540_USA_CRASH_NEW_JERSEY_HELICOPTERS.JPG&quot;,&quot;url&quot;:&quot;https:\/\/noticias.r7.com\/internacional\/video\/dois-helicopteros-colidem-no-ar-nos-eua-um-piloto-morre-e-o-outro-sofre-ferimentos-graves-28122025\/&quot;,&quot;embedUrl&quot;:&quot;https:\/\/noticias.r7.com\/player\/a95253b9-6926-4b50-b77c-4e9776543d6b\/&quot;},{&quot;title&quot;:&quot;It&#xE1;lia prende nove suspeitos de financiar o Hamas&quot;,&quot;thumb&quot;:&quot;https:\/\/d22yf0mxeu0gma.cloudfront.net\/12-28-2025\/t_130f619ce34f4303a70f7c767ab65797_name_hamas.jpg&quot;,&quot;url&quot;:&quot;https:\/\/noticias.r7.com\/record-news\/hora-news\/video\/italia-prende-nove-suspeitos-de-financiar-o-hamas-28122025\/&quot;,&quot;embedUrl&quot;:&quot;https:\/\/noticias.r7.com\/player\/8856c666-3db2-4e4d-97bd-ead944562d13\/&quot;}]\" data-player-url=\"https:\/\/noticias.r7.com\/player\/279b23c0-3479-44d6-9764-fdf2c24a9fff\/\" data-arc-video=\"\" data-arc-id=\"279b23c0-3479-44d6-9764-fdf2c24a9fff\" data-short=\"false\" style=\"visibility:hidden\"><\/video><\/p>\n<p class=\"jarvics:base-text-neutral-high-400 base-text-[calc(theme(fontSize.xs)_*_var(--font-size,_1))] base-font-normal base-font-primary base-text-neutral-low-500 base-text-left\"><b>Para saber tudo do mundo dos famosos, <\/b><a href=\"https:\/\/whatsapp.com\/channel\/0029Va9UfKcHQbRyCyhPt71R\" rel=\"nofollow noopener\" target=\"_blank\"><b>siga o canal de entretenimento do R7<\/b><\/a><b>, o portal de not\u00edcias da RECORD, no WhatsApp<\/b><\/p>\n","protected":false},"excerpt":{"rendered":"LEIA AQUI O RESUMO DA NOT\u00cdCIA Braden Peters, conhecido como Clavicular, atropelou supostamente um seguidor durante uma live&hellip;\n","protected":false},"author":2,"featured_media":207933,"comment_status":"","ping_status":"","sticky":false,"template":"","format":"standard","meta":{"footnotes":""},"categories":[145],"tags":[2240,211,210,3900,114,115,235,32,33],"class_list":{"0":"post-207932","1":"post","2":"type-post","3":"status-publish","4":"format-standard","5":"has-post-thumbnail","7":"category-celebridades","8":"tag-atropelamento","9":"tag-celebridades","10":"tag-celebrities","11":"tag-crimes","12":"tag-entertainment","13":"tag-entretenimento","14":"tag-estados-unidos","15":"tag-portugal","16":"tag-pt"},"share_on_mastodon":{"url":"https:\/\/pubeurope.com\/@pt\/115808765393808060","error":""},"_links":{"self":[{"href":"https:\/\/www.europesays.com\/pt\/wp-json\/wp\/v2\/posts\/207932","targetHints":{"allow":["GET"]}}],"collection":[{"href":"https:\/\/www.europesays.com\/pt\/wp-json\/wp\/v2\/posts"}],"about":[{"href":"https:\/\/www.europesays.com\/pt\/wp-json\/wp\/v2\/types\/post"}],"author":[{"embeddable":true,"href":"https:\/\/www.europesays.com\/pt\/wp-json\/wp\/v2\/users\/2"}],"replies":[{"embeddable":true,"href":"https:\/\/www.europesays.com\/pt\/wp-json\/wp\/v2\/comments?post=207932"}],"version-history":[{"count":0,"href":"https:\/\/www.europesays.com\/pt\/wp-json\/wp\/v2\/posts\/207932\/revisions"}],"wp:featuredmedia":[{"embeddable":true,"href":"https:\/\/www.europesays.com\/pt\/wp-json\/wp\/v2\/media\/207933"}],"wp:attachment":[{"href":"https:\/\/www.europesays.com\/pt\/wp-json\/wp\/v2\/media?parent=207932"}],"wp:term":[{"taxonomy":"category","embeddable":true,"href":"https:\/\/www.europesays.com\/pt\/wp-json\/wp\/v2\/categories?post=207932"},{"taxonomy":"post_tag","embeddable":true,"href":"https:\/\/www.europesays.com\/pt\/wp-json\/wp\/v2\/tags?post=207932"}],"curies":[{"name":"wp","href":"https:\/\/api.w.org\/{rel}","templated":true}]}}