{"id":207950,"date":"2025-12-30T13:44:08","date_gmt":"2025-12-30T13:44:08","guid":{"rendered":"https:\/\/www.europesays.com\/pt\/207950\/"},"modified":"2025-12-30T13:44:08","modified_gmt":"2025-12-30T13:44:08","slug":"george-clooney-a-mulher-e-os-filhos-tornam-se-cidadaos-franceses","status":"publish","type":"post","link":"https:\/\/www.europesays.com\/pt\/207950\/","title":{"rendered":"George Clooney, a mulher e os filhos tornam-se cidad\u00e3os franceses"},"content":{"rendered":"<p>O ator norte-americano George Clooney, a mulher Amal Alamuddin, advogada de origem libanesa-brit\u00e2nica, e os dois filhos g\u00e9meos do casal, Ella e Alexander, de oito anos, j\u00e1 s\u00e3o cidad\u00e3os franceses, de acordo com um decreto publicado no Di\u00e1rio da Rep\u00fablica francesa no \u00faltimo s\u00e1bado (27 de dezembro).  <\/p>\n<p>A privacidade da fam\u00edlia Clooney e manter filhos longe dos paparazzi est\u00e3o entre as principais raz\u00f5es para a obten\u00e7\u00e3o da cidadania francesa por parte do casal que passa grande parte da vida em Fran\u00e7a. <\/p>\n<p><strong>Em 2021, adquiriram uma antiga propriedade vin\u00edcola, Domaine du Canadel, perto de Brignoles, departamento de Var, no sul de Fran\u00e7a. &#8220;O lugar mais feliz para n\u00f3s, onde as crian\u00e7as se divertem, assim como eu me divertia quando era jovem no Kentucky&#8221;, destacou Clooney \u00e0 esta\u00e7\u00e3o de r\u00e1dio RTL.<\/strong><\/p>\n<p>A informa\u00e7\u00e3o da obten\u00e7\u00e3o da cidadania francesa foi avan\u00e7ada pela revista Paris Match e oficializa a inten\u00e7\u00e3o do ator e realizador, de 64 anos, galardoado com dois \u00d3scares.<\/p>\n<p>&#8220;Adoro a cultura francesa, a sua l\u00edngua, mesmo que ainda seja t\u00e3o mau como antes, depois de 400 dias de aulas&#8221;, disse Clooney \u00e0 RTL no in\u00edcio deste m\u00eas, admitindo dificuldades na aprendizagem da l\u00edngua, ao contr\u00e1rio da mulher, a advogada especializada em direitos humanos, que fala franc\u00eas fluentemente.<\/p>\n<p>A privacidade que a fam\u00edlia encontrou em Fran\u00e7a tornou-se fundamental para se tornarem cidad\u00e3os franceses.  <\/p>\n<p><strong>&#8220;Aqui, n\u00e3o tiram fotografias aos nossos filhos. N\u00e3o h\u00e1 paparazzi a rondar os port\u00f5es da escola. Isso \u00e9 essencial para n\u00f3s&#8221;<\/strong>, afirmou na mesma entrevista \u00e0 RTL.<\/p>\n<p><strong>Quem pretende seguir o exemplo de George Clooney \u00e9 o realizador norte-americano Jim Jarmusch. Na sexta-feira (26 de dezembro) revelou \u00e0 r\u00e1dio France Inter que tamb\u00e9m pretende solicitar a nacionalidade francesa.<\/strong><\/p>\n<p>&#8220;Gostaria de ter um lugar que me permitisse escapar dos Estados Unidos&#8221;, disse, real\u00e7ando a atra\u00e7\u00e3o que tem pela cultura francesa.<\/p>\n<p>A liga\u00e7\u00e3o de George Clooney \u00e0 Europa antecede o casamento com Amal Alamuddin, em 2014. O ator e realizador tem, desde 2002, uma propriedade na regi\u00e3o do Lago Como, em It\u00e1lia, tendo o casal adquirido uma mans\u00e3o hist\u00f3rica em Inglaterra. De acordo com a France 24, o ator e a mulher t\u00eam ainda um apartamento em Nova Iorque e uma propriedade em Kentucky, tendo vendido nos \u00faltimos anos casas em\u00a0Los Angeles e no M\u00e9xico.      <\/p>\n","protected":false},"excerpt":{"rendered":"O ator norte-americano George Clooney, a mulher Amal Alamuddin, advogada de origem libanesa-brit\u00e2nica, e os dois filhos g\u00e9meos&hellip;\n","protected":false},"author":2,"featured_media":207951,"comment_status":"","ping_status":"","sticky":false,"template":"","format":"standard","meta":{"footnotes":""},"categories":[145],"tags":[211,210,1561,114,115,208,14555,32,33],"class_list":{"0":"post-207950","1":"post","2":"type-post","3":"status-publish","4":"format-standard","5":"has-post-thumbnail","7":"category-celebridades","8":"tag-celebridades","9":"tag-celebrities","10":"tag-cidadania","11":"tag-entertainment","12":"tag-entretenimento","13":"tag-franca","14":"tag-george-clooney","15":"tag-portugal","16":"tag-pt"},"share_on_mastodon":{"url":"","error":""},"_links":{"self":[{"href":"https:\/\/www.europesays.com\/pt\/wp-json\/wp\/v2\/posts\/207950","targetHints":{"allow":["GET"]}}],"collection":[{"href":"https:\/\/www.europesays.com\/pt\/wp-json\/wp\/v2\/posts"}],"about":[{"href":"https:\/\/www.europesays.com\/pt\/wp-json\/wp\/v2\/types\/post"}],"author":[{"embeddable":true,"href":"https:\/\/www.europesays.com\/pt\/wp-json\/wp\/v2\/users\/2"}],"replies":[{"embeddable":true,"href":"https:\/\/www.europesays.com\/pt\/wp-json\/wp\/v2\/comments?post=207950"}],"version-history":[{"count":0,"href":"https:\/\/www.europesays.com\/pt\/wp-json\/wp\/v2\/posts\/207950\/revisions"}],"wp:featuredmedia":[{"embeddable":true,"href":"https:\/\/www.europesays.com\/pt\/wp-json\/wp\/v2\/media\/207951"}],"wp:attachment":[{"href":"https:\/\/www.europesays.com\/pt\/wp-json\/wp\/v2\/media?parent=207950"}],"wp:term":[{"taxonomy":"category","embeddable":true,"href":"https:\/\/www.europesays.com\/pt\/wp-json\/wp\/v2\/categories?post=207950"},{"taxonomy":"post_tag","embeddable":true,"href":"https:\/\/www.europesays.com\/pt\/wp-json\/wp\/v2\/tags?post=207950"}],"curies":[{"name":"wp","href":"https:\/\/api.w.org\/{rel}","templated":true}]}}