{"id":207982,"date":"2025-12-30T14:12:10","date_gmt":"2025-12-30T14:12:10","guid":{"rendered":"https:\/\/www.europesays.com\/pt\/207982\/"},"modified":"2025-12-30T14:12:10","modified_gmt":"2025-12-30T14:12:10","slug":"quarenta-anos-apos-adesao-a-ue-metsola-diz-que-ha-muito-de-portugal-na-europa-uniao-europeia","status":"publish","type":"post","link":"https:\/\/www.europesays.com\/pt\/207982\/","title":{"rendered":"Quarenta anos ap\u00f3s ades\u00e3o \u00e0 UE, Metsola diz que &#8220;h\u00e1 muito de Portugal na Europa&#8221; &#8211; Uni\u00e3o Europeia"},"content":{"rendered":"<p class=\"\">&#13;<br \/>\n        A presidente do Parlamento Europeu, Roberta Metsola, destacou esta ter\u00e7a-feira que,\u00a0<b>40 anos depois da ades\u00e3o de Portugal \u00e0 Uni\u00e3o Europeia (UE) \u2013 designada como Comunidade Econ\u00f3mica Europeia (CEE) na altura \u2013, h\u00e1 &#8220;muito da Europa em Portugal&#8221; e &#8220;muito de Portugal na Europa&#8221;<\/b>. A mensagem surge em v\u00e9speras da <a href=\"https:\/\/portugal.representation.ec.europa.eu\/quem-somos\/portugal-na-ue_pt\" target=\"_blank\" rel=\"tag nofollow noopener\">celebra\u00e7\u00e3o dos 40 anos da entrada de Portugal na UE<\/a>, a 1 de janeiro de 1986.&#13;\n    <\/p>\n<p class=\"\">&#13;<br \/>\n        &#8220;<b>H\u00e1 40 anos, Portugal escolheu a Europa pela sua estabilidade democr\u00e1tica\u00a0 desenvolvimento econ\u00f3mico.<\/b> Hoje temos muito da Europa em Portugal, mas sobretudo temos muito de Portugal na Europa. Obrigada pela vossa ambi\u00e7\u00e3o e determina\u00e7\u00e3o&#8221;, refere Roberta Metsola, numa curta mensagem de v\u00eddeo divulgada pelo Parlamento Europeu.&#13;\n    <\/p>\n<p class=\"\">&#13;<br \/>\n        O <b><a href=\"https:\/\/portugal.representation.ec.europa.eu\/quem-somos\/portugal-na-ue_pt\" target=\"_blank\" rel=\"tag nofollow noopener\">pedido de ades\u00e3o \u00e0 ent\u00e3o CEE foi entregue por M\u00e1rio Soares<\/a>, o primeiro-ministro do I Governo Constitucional eleito ap\u00f3s a Revolu\u00e7\u00e3o dos Cravos, a 28 de mar\u00e7o de 1977<\/b>. Da\u00ed at\u00e9 \u00e0 assinatura formal do Tratado de Ades\u00e3o passaram oito anos. O Mosteiro dos Jer\u00f3nimos foi o local escolhido para a assinatura desse tratado, sendo que a ades\u00e3o entrou formalmente em vigor apenas a 1 de janeiro de 1986, o mesmo dia em que a Espanha dava tamb\u00e9m o mesmo passo.\u00a0&#13;\n    <\/p>\n<p class=\"\">&#13;<br \/>\n        A entrada na CEE marcou o <b>in\u00edcio de uma nova fase econ\u00f3mica<\/b>, com Portugal a registar taxas de crescimento em torno de 6% at\u00e9 \u00e0 viragem do s\u00e9culo devido sobretudo ao elevado montante de fundos comunit\u00e1rios que permitiram financiar in\u00fameros investimentos no pa\u00eds e alavancar a economia. Foi a &#8220;\u00e9poca dourada&#8221; das autoestradas e da melhoria de estradas nacionais e acessos regionais, mas tamb\u00e9m de moderniza\u00e7\u00e3o dos portos e aeroportos, bem como da eletrifica\u00e7\u00e3o e de expans\u00e3o do saneamento b\u00e1sico e da forma\u00e7\u00e3o profissional.&#13;\n    <\/p>\n<p class=\"\">&#13;<br \/>\n        Mas, <b>ap\u00f3s 40 anos e cerca de 180 mil milh\u00f5es de euros recebidos em fundos europeus, a <a href=\"https:\/\/www.jornaldenegocios.pt\/economia\/europa\/uniao-europeia\/detalhe\/convergencia-com-ue-tarda-apos-quase-40-anos-de-fundos\" target=\"_blank\" rel=\"tag nofollow noopener\">converg\u00eancia econ\u00f3mica de Portugal com a m\u00e9dia europeia continua a tardar<\/a><\/b>. \u00c0 exce\u00e7\u00e3o de Lisboa, nenhuma regi\u00e3o do pa\u00eds conseguiu ainda superar a m\u00e9dia da UE. Em contrapartida, Portugal contribuiu, nestas quatro d\u00e9cadas, com 58 milh\u00f5es de euros para o or\u00e7amento europeu, sendo um <a href=\"https:\/\/www.jornaldenegocios.pt\/economia\/europa\/uniao-europeia\/detalhe\/pode-portugal-ser-um-contribuinte-liquido-da-ue\" target=\"_blank\" rel=\"tag nofollow noopener\">claro &#8220;benefici\u00e1rio l\u00edquido&#8221; da UE<\/a>. S\u00f3 em 2024, o saldo das transfer\u00eancias com a UE representou 1,3% do PIB portugu\u00eas.&#13;\n    <\/p>\n<p class=\"\">&#13;<br \/>\n        A ades\u00e3o \u00e0 CEE ao mesmo tempo que a Espanha, permitiu abrir portas a novos mercados para as exporta\u00e7\u00f5es nacionais e <a href=\"https:\/\/www.jornaldenegocios.pt\/economia\/conjuntura\/detalhe\/alemanha-supera-franca-no-top-3-das-exportacoes-portuguesas\" target=\"_blank\" rel=\"tag nofollow noopener\">refor\u00e7ou o peso do pa\u00eds vizinho enquanto principal parceiro comercial portugu\u00eas<\/a>. Ao mesmo tempo, permitiu captar mais investimento direto estrangeiro e a balan\u00e7a de servi\u00e7os atingiu m\u00e1ximos, apoiada numa forte promo\u00e7\u00e3o do turismo dentro e fora do espa\u00e7o europeu.&#13;\n    <\/p>\n<p class=\"\">&#13;<br \/>\n        Com a ades\u00e3o \u00e0 CEE, iniciou-se tamb\u00e9m uma <b>nova fase pol\u00edtica e social<\/b>, <b>que permitiu colocar o pa\u00eds ao lado de outros pa\u00edses europeus num projeto conjunto de integra\u00e7\u00e3o econ\u00f3mica, pol\u00edtica e social<\/b>.\u00a0&#8220;A constru\u00e7\u00e3o das institui\u00e7\u00f5es, os modelos de funcionamento, os apoios sociais e o modelo de economia de mercado [no per\u00edodo de transi\u00e7\u00e3o at\u00e9 \u00e0 assinatura do Tratado de Ades\u00e3o], configuram-se nesta \u00f3tica de europeiza\u00e7\u00e3o&#8221;, l\u00ea-se num documento publicado pelo Parlamento Europeu.&#13;\n    <\/p>\n<p class=\"\">&#13;<br \/>\n        Um <a href=\"https:\/\/www.europarl.europa.eu\/news\/pt\/press-room\/20250827IPR30018\/eurobarometro-cidadaos-querem-mais-protecao-da-ue-face-as-mudancas-globais\" target=\"_blank\" rel=\"tag nofollow noopener\">Eurobar\u00f3metro publicado em setembro<\/a> revela que <b>89% dos portugueses consideram que a ades\u00e3o de Portugal \u00e0 CEE foi ben\u00e9fica para o pa\u00eds e 74% t\u00eam uma imagem positiva da UE<\/b>. Desde a ades\u00e3o, os portugueses est\u00e3o entre os mais favor\u00e1veis ao projeto europeu, embora participem pouco nas elei\u00e7\u00f5es europeias.\u00a0&#13;\n    <\/p>\n<p><\/p>\n","protected":false},"excerpt":{"rendered":"&#13; A presidente do Parlamento Europeu, Roberta Metsola, destacou esta ter\u00e7a-feira que,\u00a040 anos depois da ades\u00e3o de Portugal&hellip;\n","protected":false},"author":2,"featured_media":207983,"comment_status":"","ping_status":"","sticky":false,"template":"","format":"standard","meta":{"footnotes":""},"categories":[8],"tags":[27,28,476,15,16,40930,14,10183,25,26,21,22,12,13,19,20,52,32,23,24,33,38526,17,18,29,30,31,636],"class_list":{"0":"post-207982","1":"post","2":"type-post","3":"status-publish","4":"format-standard","5":"has-post-thumbnail","7":"category-principais-noticias","8":"tag-breaking-news","9":"tag-breakingnews","10":"tag-economia","11":"tag-featured-news","12":"tag-featurednews","13":"tag-fundos-de-investimento","14":"tag-headlines","15":"tag-investimentos","16":"tag-latest-news","17":"tag-latestnews","18":"tag-main-news","19":"tag-mainnews","20":"tag-news","21":"tag-noticias","22":"tag-noticias-principais","23":"tag-noticiasprincipais","24":"tag-politica","25":"tag-portugal","26":"tag-principais-noticias","27":"tag-principaisnoticias","28":"tag-pt","29":"tag-roberta-metsola","30":"tag-top-stories","31":"tag-topstories","32":"tag-ultimas","33":"tag-ultimas-noticias","34":"tag-ultimasnoticias","35":"tag-uniao-europeia"},"share_on_mastodon":{"url":"https:\/\/pubeurope.com\/@pt\/115808930722508401","error":""},"_links":{"self":[{"href":"https:\/\/www.europesays.com\/pt\/wp-json\/wp\/v2\/posts\/207982","targetHints":{"allow":["GET"]}}],"collection":[{"href":"https:\/\/www.europesays.com\/pt\/wp-json\/wp\/v2\/posts"}],"about":[{"href":"https:\/\/www.europesays.com\/pt\/wp-json\/wp\/v2\/types\/post"}],"author":[{"embeddable":true,"href":"https:\/\/www.europesays.com\/pt\/wp-json\/wp\/v2\/users\/2"}],"replies":[{"embeddable":true,"href":"https:\/\/www.europesays.com\/pt\/wp-json\/wp\/v2\/comments?post=207982"}],"version-history":[{"count":0,"href":"https:\/\/www.europesays.com\/pt\/wp-json\/wp\/v2\/posts\/207982\/revisions"}],"wp:featuredmedia":[{"embeddable":true,"href":"https:\/\/www.europesays.com\/pt\/wp-json\/wp\/v2\/media\/207983"}],"wp:attachment":[{"href":"https:\/\/www.europesays.com\/pt\/wp-json\/wp\/v2\/media?parent=207982"}],"wp:term":[{"taxonomy":"category","embeddable":true,"href":"https:\/\/www.europesays.com\/pt\/wp-json\/wp\/v2\/categories?post=207982"},{"taxonomy":"post_tag","embeddable":true,"href":"https:\/\/www.europesays.com\/pt\/wp-json\/wp\/v2\/tags?post=207982"}],"curies":[{"name":"wp","href":"https:\/\/api.w.org\/{rel}","templated":true}]}}