{"id":208018,"date":"2025-12-30T14:37:12","date_gmt":"2025-12-30T14:37:12","guid":{"rendered":"https:\/\/www.europesays.com\/pt\/208018\/"},"modified":"2025-12-30T14:37:12","modified_gmt":"2025-12-30T14:37:12","slug":"portugal-recompra-886-milhoes-em-titulos-de-divida-obrigacoes","status":"publish","type":"post","link":"https:\/\/www.europesays.com\/pt\/208018\/","title":{"rendered":"Portugal recompra 886 milh\u00f5es em t\u00edtulos de d\u00edvida &#8211; Obriga\u00e7\u00f5es"},"content":{"rendered":"<p class=\"\">&#13;<br \/>\n        A <b>Ag\u00eancia de Gest\u00e3o da Tesouraria e da D\u00edvida P\u00fablica \u2013 IGCP anunciou nesta ter\u00e7a-feira ter realizado v\u00e1rias opera\u00e7\u00f5es de t\u00edtulos de d\u00edvida em mercado, num total de 886 milh\u00f5es de euros.<\/b>&#13;\n    <\/p>\n<p class=\"\">&#13;<br \/>\n        &#8220;Num contexto de excesso de liquidez da tesouraria do Estado no final do ano e com o intuito de suavizar o perfil de reembolsos nos pr\u00f3ximos dois anos a um custo favor\u00e1vel, no dia 29 de dezembro de 2025, o IGCP, E.P.E. <b>realizou opera\u00e7\u00f5es de recompra de t\u00edtulos de d\u00edvida em mercado com diversos operadores no montante total de 886 milh\u00f5es de euros<\/b>&#8220;, l\u00ea-se numa <a href=\"https:\/\/www.igcp.pt\/pt\/noticias\/operacoes-de-recompra-de-titulos-de-divida-em-mercado\" target=\"_blank\" rel=\"tag nofollow noopener\">nota publicada no site do IGCP<\/a>.&#13;\n    <\/p>\n<p class=\"\">&#13;<br \/>\n        A entidade que gere a d\u00edvida p\u00fablica portuguesa <b>recomprou t\u00edtulos de seis emiss\u00f5es diferentes, tendo a maior recompra sido relativa \u00e0s Obriga\u00e7\u00f5es de Tesouro que venciam em 21 de julho de 2026, com um cup\u00e3o de 2,875%, dos quais foram recomprados 590 milh\u00f5es de euros<\/b>.&#13;\n    <\/p>\n<p>886MILH\u00d5ES<\/p>\n<p>Valor da recompra de t\u00edtulos de d\u00edvida feita pelo IGCP a 29 de dezembro de 2025<\/p>\n<p class=\"\">&#13;<br \/>\n        No global, tr\u00eas recompras foram relativas a Bilhetes do Tesouro e outras tr\u00eas relativas a Obriga\u00e7\u00f5es do Tesouro.&#13;\n    <\/p>\n<p class=\"\">&#13;<br \/>\n        Esta recompra de quase 900 milh\u00f5es de euros <a href=\"https:\/\/www.jornaldenegocios.pt\/mercados\/obrigacoes\/detalhe\/portugal-recompra-1-046-milhoes-em-divida-que-vencia-nos-proximos-dois-anos\" target=\"_self\" rel=\"tag nofollow noopener\">soma-se \u00e0 feita a 17 de dezembro, de 1.046 milh\u00f5es<\/a>, e tamb\u00e9m ao <a href=\"https:\/\/www.jornaldenegocios.pt\/economia\/financas-publicas\/detalhe\/sarmento-antecipa-pagamento-de-2-5-mil-milhoes-emprestados-pela-troika\" target=\"_self\" rel=\"tag nofollow noopener\">reembolso antecipado de 2,5 mil milh\u00f5es de euros feito no \u00e2mbito do plano de resgate financeiro do qual Portugal foi alvo entre 2011 e 2014<\/a>.&#13;\n    <\/p>\n<p class=\"\">&#13;<br \/>\n        &#8220;A redu\u00e7\u00e3o continuada do endividamento do Estado adv\u00e9m da boa situa\u00e7\u00e3o econ\u00f3mica e or\u00e7amental do pa\u00eds, resultante do m\u00e9rito das fam\u00edlias e das empresas, na cria\u00e7\u00e3o de riqueza&#8221;, sublinha o minist\u00e9rio liderado por Joaquim Miranda Sarmento a prop\u00f3sito das recompras e reembolsos.&#13;\n    <\/p>\n","protected":false},"excerpt":{"rendered":"&#13; A Ag\u00eancia de Gest\u00e3o da Tesouraria e da D\u00edvida P\u00fablica \u2013 IGCP anunciou nesta ter\u00e7a-feira ter realizado&hellip;\n","protected":false},"author":2,"featured_media":208019,"comment_status":"","ping_status":"","sticky":false,"template":"","format":"standard","meta":{"footnotes":""},"categories":[83],"tags":[88,40955,14181,89,90,23550,32,33],"class_list":{"0":"post-208018","1":"post","2":"type-post","3":"status-publish","4":"format-standard","5":"has-post-thumbnail","7":"category-empresas","8":"tag-business","9":"tag-credito-e-divida","10":"tag-divida-publica","11":"tag-economy","12":"tag-empresas","13":"tag-joaquim-miranda-sarmento","14":"tag-portugal","15":"tag-pt"},"share_on_mastodon":{"url":"https:\/\/pubeurope.com\/@pt\/115809028852838834","error":""},"_links":{"self":[{"href":"https:\/\/www.europesays.com\/pt\/wp-json\/wp\/v2\/posts\/208018","targetHints":{"allow":["GET"]}}],"collection":[{"href":"https:\/\/www.europesays.com\/pt\/wp-json\/wp\/v2\/posts"}],"about":[{"href":"https:\/\/www.europesays.com\/pt\/wp-json\/wp\/v2\/types\/post"}],"author":[{"embeddable":true,"href":"https:\/\/www.europesays.com\/pt\/wp-json\/wp\/v2\/users\/2"}],"replies":[{"embeddable":true,"href":"https:\/\/www.europesays.com\/pt\/wp-json\/wp\/v2\/comments?post=208018"}],"version-history":[{"count":0,"href":"https:\/\/www.europesays.com\/pt\/wp-json\/wp\/v2\/posts\/208018\/revisions"}],"wp:featuredmedia":[{"embeddable":true,"href":"https:\/\/www.europesays.com\/pt\/wp-json\/wp\/v2\/media\/208019"}],"wp:attachment":[{"href":"https:\/\/www.europesays.com\/pt\/wp-json\/wp\/v2\/media?parent=208018"}],"wp:term":[{"taxonomy":"category","embeddable":true,"href":"https:\/\/www.europesays.com\/pt\/wp-json\/wp\/v2\/categories?post=208018"},{"taxonomy":"post_tag","embeddable":true,"href":"https:\/\/www.europesays.com\/pt\/wp-json\/wp\/v2\/tags?post=208018"}],"curies":[{"name":"wp","href":"https:\/\/api.w.org\/{rel}","templated":true}]}}