{"id":208022,"date":"2025-12-30T14:39:19","date_gmt":"2025-12-30T14:39:19","guid":{"rendered":"https:\/\/www.europesays.com\/pt\/208022\/"},"modified":"2025-12-30T14:39:19","modified_gmt":"2025-12-30T14:39:19","slug":"habitacao-destruida-por-incendio-em-moncao-moradora-esta-desaparecida","status":"publish","type":"post","link":"https:\/\/www.europesays.com\/pt\/208022\/","title":{"rendered":"Habita\u00e7\u00e3o destru\u00edda por inc\u00eandio em Mon\u00e7\u00e3o, moradora est\u00e1 desaparecida"},"content":{"rendered":"<p data-remotead-prev-elm=\"true\" data-remotead-elm-id=\"inread\">De acordo com fonte do Comando Territorial da GNR de Viana do Castelo, suspeita-se que a idosa poder\u00e1 estar no meio dos escombros da habita\u00e7\u00e3o. A Pol\u00edcia Judici\u00e1ria foi chamada ao local. Cerca das 10 horas, decorriam trabalhos para tentar localizar a mulher.<\/p>\n<p><img decoding=\"async\" class=\"ngx-body\" guid=\"6086eb74-67de-4826-b3e6-6f8ea0bc2516\" src=\"https:\/\/www.europesays.com\/pt\/wp-content\/uploads\/2025\/12\/1767105555_230_image.webp.webp\" width=\"100%\"\/><br \/>Foto: Rui Manuel Fonseca<\/p>\n<p><img decoding=\"async\" class=\"ngx-body\" guid=\"e20e9068-ef87-4727-acd9-7b589e6512eb\" src=\"https:\/\/www.europesays.com\/pt\/wp-content\/uploads\/2025\/12\/1767105557_128_image.webp.webp\" width=\"100%\"\/><br \/>Foto: Rui Manuel Fonseca<\/p>\n<p data-remotead-prev-elm=\"true\" data-remotead-elm-id=\"centro1\">Fonte do Comando Sub-regional de Emerg\u00eancia e Prote\u00e7\u00e3o Civil indica que o alerta foi \u00e0s 22.53 horas de segunda-feira, para inc\u00eandio urbano, em Cavenca, Riba de Mouro. E que a casa foi &#8220;tomada pelas chamas e ficou sem condi\u00e7\u00f5es de habita\u00e7\u00e3o&#8221;.<\/p>\n<p>Para a ocorr\u00eancia foram mobilizados meios daquela corpora\u00e7\u00e3o, GNR e INEM e Pol\u00edcia Judici\u00e1ria num total de 12 viaturas e 28 operacionais. Para o local foi ainda mobilizada uma viatura para remo\u00e7\u00e3o de escombros.<\/p>\n<p><img decoding=\"async\" class=\"ngx-body\" guid=\"4ae30073-c6ad-4c5a-b5b4-85491ce07848\" src=\"https:\/\/www.europesays.com\/pt\/wp-content\/uploads\/2025\/12\/1767105558_794_image.webp.webp\" width=\"100%\"\/><br \/>Foto: Rui Manuel Fonseca<\/p>\n<p><img decoding=\"async\" class=\"ngx-body\" guid=\"0f2f89dd-69c7-4243-a696-08efd6e9aa8f\" src=\"https:\/\/www.europesays.com\/pt\/wp-content\/uploads\/2025\/12\/1767105559_818_image.webp.webp\" width=\"100%\"\/><br \/>Foto: Rui Manuel Fonseca<\/p>\n","protected":false},"excerpt":{"rendered":"De acordo com fonte do Comando Territorial da GNR de Viana do Castelo, suspeita-se que a idosa poder\u00e1&hellip;\n","protected":false},"author":2,"featured_media":208023,"comment_status":"","ping_status":"","sticky":false,"template":"","format":"standard","meta":{"footnotes":""},"categories":[10],"tags":[27,28,29167,15,16,14,625,25,26,21,22,12,13,19,20,32,23,24,33,17,18,29,30,31],"class_list":{"0":"post-208022","1":"post","2":"type-post","3":"status-publish","4":"format-standard","5":"has-post-thumbnail","7":"category-portugal","8":"tag-breaking-news","9":"tag-breakingnews","10":"tag-concelho-moncao","11":"tag-featured-news","12":"tag-featurednews","13":"tag-headlines","14":"tag-incendio","15":"tag-latest-news","16":"tag-latestnews","17":"tag-main-news","18":"tag-mainnews","19":"tag-news","20":"tag-noticias","21":"tag-noticias-principais","22":"tag-noticiasprincipais","23":"tag-portugal","24":"tag-principais-noticias","25":"tag-principaisnoticias","26":"tag-pt","27":"tag-top-stories","28":"tag-topstories","29":"tag-ultimas","30":"tag-ultimas-noticias","31":"tag-ultimasnoticias"},"share_on_mastodon":{"url":"https:\/\/pubeurope.com\/@pt\/115809036916570576","error":""},"_links":{"self":[{"href":"https:\/\/www.europesays.com\/pt\/wp-json\/wp\/v2\/posts\/208022","targetHints":{"allow":["GET"]}}],"collection":[{"href":"https:\/\/www.europesays.com\/pt\/wp-json\/wp\/v2\/posts"}],"about":[{"href":"https:\/\/www.europesays.com\/pt\/wp-json\/wp\/v2\/types\/post"}],"author":[{"embeddable":true,"href":"https:\/\/www.europesays.com\/pt\/wp-json\/wp\/v2\/users\/2"}],"replies":[{"embeddable":true,"href":"https:\/\/www.europesays.com\/pt\/wp-json\/wp\/v2\/comments?post=208022"}],"version-history":[{"count":0,"href":"https:\/\/www.europesays.com\/pt\/wp-json\/wp\/v2\/posts\/208022\/revisions"}],"wp:featuredmedia":[{"embeddable":true,"href":"https:\/\/www.europesays.com\/pt\/wp-json\/wp\/v2\/media\/208023"}],"wp:attachment":[{"href":"https:\/\/www.europesays.com\/pt\/wp-json\/wp\/v2\/media?parent=208022"}],"wp:term":[{"taxonomy":"category","embeddable":true,"href":"https:\/\/www.europesays.com\/pt\/wp-json\/wp\/v2\/categories?post=208022"},{"taxonomy":"post_tag","embeddable":true,"href":"https:\/\/www.europesays.com\/pt\/wp-json\/wp\/v2\/tags?post=208022"}],"curies":[{"name":"wp","href":"https:\/\/api.w.org\/{rel}","templated":true}]}}