{"id":208040,"date":"2025-12-30T14:50:31","date_gmt":"2025-12-30T14:50:31","guid":{"rendered":"https:\/\/www.europesays.com\/pt\/208040\/"},"modified":"2025-12-30T14:50:31","modified_gmt":"2025-12-30T14:50:31","slug":"friccao-cientifica-balanco-da-ciencia-em-2025-friccao-cientifica-antena-3","status":"publish","type":"post","link":"https:\/\/www.europesays.com\/pt\/208040\/","title":{"rendered":"Fric\u00e7\u00e3o Cient\u00edfica: balan\u00e7o da ci\u00eancia em 2025 | Fric\u00e7\u00e3o Cient\u00edfica | Antena 3"},"content":{"rendered":"\n<p>2025 foi especialmente complexo nos Estados Unidos, onde a administra\u00e7\u00e3o de Trump cortou fundos de investiga\u00e7\u00e3o em praticamente todas as \u00e1reas. A Intelig\u00eancia Artificial ter\u00e1 sido uma das excep\u00e7\u00f5es, mas a intelig\u00eancia artificial tem estado e continua no centro de todas as aten\u00e7\u00f5es.<\/p>\n<p>Por alguma raz\u00e3o a revista Time nomeou os Arquitetos da Intelig\u00eancia Artificial como personalidade do ano. A IA n\u00e3o s\u00f3 continuou a afirmar-se como ferramenta fundamental na investiga\u00e7\u00e3o cient\u00edfica, como tamb\u00e9m consolidou o seu estatuto enquanto for\u00e7a de trabalho: um <a href=\"https:\/\/theaiinnovator.com\/mit-index-shows-ai-can-replace-11-7-of-us-workers\/\" target=\"_blank\" rel=\"noopener nofollow\">estudo recente do MIT<\/a> concluiu que j\u00e1 consegue substituir 11,7% dos trabalhadores nos Estados Unidos e empresas como a IBM ou a Amazon anunciaram a inten\u00e7\u00e3o de fazer despedimentos e contratar servi\u00e7os de Intelig\u00eancia Artificial para substituir os humanos. Mas nem todos os entusiasmos est\u00e3o a ser cumpridos.<\/p>\n<p> Temos o exemplo da Klarna, uma empresa sueca que dispensou centenas de pessoas para usar IA e acabou a recontratar trabalhadores. 2025 revelou ainda falhas nos ve\u00edculos aut\u00f3nomos da Tesla, e no seu sistema de IA, o <a href=\"https:\/\/www.rtp.pt\/noticias\/mundo\/grok-de-musk-plataforma-de-ia-faz-declaracoes-sobre-genocidio-branco-na-africa-do-sul_n1654976\" target=\"_blank\" rel=\"noopener nofollow\">Grok, que, entre outras coisas, come\u00e7ou a disseminar not\u00edcias falsas sobre um suposto genoc\u00eddio de brancos e decorrer na \u00c1frica do Sul.<\/a> As not\u00edcias falsas s\u00e3o cada vez mais cred\u00edveis gra\u00e7as \u00e0 IA. Tamb\u00e9m este ano foram v\u00e1rios os casos de pessoas \u201cenganadas\u201d por chatbots de IA que, na sua voracidade para satisfazer os desejos dos utilizadores, acabam por inventar informa\u00e7\u00f5es \u2013 <a href=\"https:\/\/www.rtp.pt\/play\/p2821\/e839078\/friccao-cientifica\" target=\"_blank\" rel=\"noopener nofollow\">os cientistas chamam-lhe \u201calucina\u00e7\u00f5es\u201d e s\u00e3o um problema real.<\/a><\/p>\n<p><a href=\"https:\/\/www.rtp.pt\/play\/p2821\/e874364\/friccao-cientifica\" target=\"_blank\" rel=\"noopener nofollow\">Em 2025 tornou-se tamb\u00e9m claro que a IA \u00e9 cada vez mais um ombro amigo, psic\u00f3logo e psiquiatra, \u00e0s vezes tamb\u00e9m oferece possibilidade de romance e nalguns casos at\u00e9 justifica\u00e7\u00e3o para a morte<\/a>. A par disto tudo, dos progressos permitidos pela IA e tamb\u00e9m dos riscos que representa, h\u00e1 ainda um fator ambiental que se tornou obvio em 2025: <a href=\"https:\/\/www.rtp.pt\/play\/p2821\/e861360\/friccao-cientifica\" target=\"_blank\" rel=\"noopener nofollow\">os consumos de \u00e1gua e energia da Intelig\u00eancia Artificial s\u00e3o astron\u00f3micos: um texto de 100 palavras no ChatGPT gasta mais de meio litro de \u00e1gua e 0,14 watts de energi<\/a>a.<\/p>\n<p>O clima tamb\u00e9m continuou no centro das preocupa\u00e7\u00f5es. 2025 registou um aumento de\u00a0 temperatura de 1,48 graus cent\u00edgrados e pode ser o segundo ou terceiro ano mais quente de que h\u00e1 registo. Em Portugal, o IPMA considera o \u00faltimo ver\u00e3o como o mais quente e seco desde 1931. <a href=\"https:\/\/news.un.org\/pt\/story\/2025\/11\/1851456\" target=\"_blank\" rel=\"noopener nofollow\">Relat\u00f3rio da ONU<\/a> feito para a COP30, em Novembro, dava conta do aumento da temperatura dos oceanos e da subida do n\u00edvel do mar, da diminui\u00e7\u00e3o do gelo dos glaciares e tamb\u00e9m do aumento das concentra\u00e7\u00f5es de gases efeito estufa. Por todo o mundo, os eventos clim\u00e1ticos extremos tornaram-se mais frequentes e imprevis\u00edveis, mas a luta contra as altera\u00e7\u00f5es clim\u00e1ticas parece ter esmorecido. <a href=\"https:\/\/www.oecd.org\/en\/publications\/2025\/11\/the-climate-action-monitor-2025_aed0c4bb.html\" target=\"_blank\" rel=\"noopener nofollow\">Um relat\u00f3rio da OCDE<\/a>, publicado em Novembro, concluiu que as a\u00e7\u00f5es contra as altera\u00e7\u00f5es clim\u00e1ticas continuam insuficientes para cumprir os requisitos do Acordo de Paris, estabelecido h\u00e1 10 anos.\u00a0<\/p>\n<p>2025 foi mais um ano de confirma\u00e7\u00e3o dos efeitos das altera\u00e7\u00f5es clim\u00e1ticas e da polui\u00e7\u00e3o na sa\u00fade humana. As ondas de calor aumentam o risco de morte. Em Portugal, o ver\u00e3o de 2025 registou mais 2600 mortes do que o normal, o que os investigadores explicam com as condi\u00e7\u00f5es clim\u00e1ticas porque ocorreram durante ondas de calor. <\/p>\n<p><a href=\"https:\/\/www.rtp.pt\/play\/p2821\/e875820\/friccao-cientifica\" target=\"_blank\" rel=\"noopener nofollow\">Um estudo deste ano<\/a> concluiu que a polui\u00e7\u00e3o atmosf\u00e9rica, um dos motores das altera\u00e7\u00f5es clim\u00e1ticas, n\u00e3o s\u00f3 afeta a sa\u00fade f\u00edsica como pode contribuir para o desenvolvimento de v\u00e1rias doen\u00e7as psiqui\u00e1tricas, incluindo depress\u00e3o, ansiedade, esquizofrenia, doen\u00e7as do espectro do autismo e problemas de aten\u00e7\u00e3o. 2025 continuou a ser marcado tamb\u00e9m pela descoberta de micropl\u00e1sticos em humanos, animais e plantas. <\/p>\n<p><a href=\"https:\/\/www.rtp.pt\/play\/p2821\/e868602\/friccao-cientifica\" target=\"_blank\" rel=\"noopener nofollow\">Um estudo franc\u00eas publicado este ano<\/a>, concluiu que inspiramos 70 mil part\u00edculas de micropl\u00e1sticos por dia, dentro das nossas casas. <a href=\"https:\/\/www.rtp.pt\/play\/p2821\/e827428\/friccao-cientifica\" target=\"_blank\" rel=\"noopener nofollow\">Outro estudo<\/a>, publicado na Nature, concluiu que, n\u00e3o s\u00f3 os micropl\u00e1sticos conseguem alojar-se no c\u00e9rebro humano, como a sua concentra\u00e7\u00e3o tem vindo a aumentar nos \u00faltimos 50 anos. Tamb\u00e9m na Nature, foi publicado um artigo que revelou que plantas e vegetais inalam micropl\u00e1sticos da atmosfera. <\/p>\n<p>Para acabar em tom positivo, nos oceanos, um dos maiores deposit\u00e1rios de micropl\u00e1sticos, h\u00e1 bact\u00e9rias que se adaptaram \u00e0s novas condi\u00e7\u00f5es e j\u00e1 digerem pl\u00e1sticos pet, usados em garrafas e roupa, por exemplo. Apesar de tudo, a natureza parece adaptar-se \u00e0 polui\u00e7\u00e3o produzida por m\u00e3o humana.<\/p>\n<p><strong><a href=\"https:\/\/antena3.rtp.pt\/programa\/friccao-cientifica\/\" target=\"_blank\" rel=\"noopener nofollow\">Se os factos mais curiosos da ci\u00eancia s\u00e3o do teu interesse, espreita o Fric\u00e7\u00e3o Cient\u00edfica, rubrica di\u00e1ria de Isilda Sanches, que pode ser ouvida de segunda a sexta-feira, \u00e0s 11h40, na Antena 3<\/a>. Tendo como fonte not\u00edcias de ci\u00eancia verdadeiras e fidedignas, o Fric\u00e7\u00e3o Cient\u00edfica procura dar conta de assuntos s\u00e9rios e\/ou ligeiros, baseando-se sempre em descobertas, estudos, experi\u00eancias, teorias e tudo o que diga respeito ao fascinante e intrigante universo da ci\u00eancia.<\/strong><\/p>\n<p>\u00a0<\/p>\n<p>\u00a0<\/p>\n<p>\u00a0<\/p>\n<p>\u00a0<\/p>\n<p>\u00a0<\/p>\n<p>\u00a0<\/p>\n<p>\u00a0<\/p>\n<p>\u00a0<\/p>\n<p>\u00a0<\/p>\n","protected":false},"excerpt":{"rendered":"2025 foi especialmente complexo nos Estados Unidos, onde a administra\u00e7\u00e3o de Trump cortou fundos de investiga\u00e7\u00e3o em praticamente&hellip;\n","protected":false},"author":2,"featured_media":208041,"comment_status":"","ping_status":"","sticky":false,"template":"","format":"standard","meta":{"footnotes":""},"categories":[84],"tags":[109,107,108,32,33,105,103,104,106,110],"class_list":{"0":"post-208040","1":"post","2":"type-post","3":"status-publish","4":"format-standard","5":"has-post-thumbnail","7":"category-ciencia-e-tecnologia","8":"tag-ciencia","9":"tag-ciencia-e-tecnologia","10":"tag-cienciaetecnologia","11":"tag-portugal","12":"tag-pt","13":"tag-science","14":"tag-science-and-technology","15":"tag-scienceandtechnology","16":"tag-technology","17":"tag-tecnologia"},"share_on_mastodon":{"url":"https:\/\/pubeurope.com\/@pt\/115809080010555165","error":""},"_links":{"self":[{"href":"https:\/\/www.europesays.com\/pt\/wp-json\/wp\/v2\/posts\/208040","targetHints":{"allow":["GET"]}}],"collection":[{"href":"https:\/\/www.europesays.com\/pt\/wp-json\/wp\/v2\/posts"}],"about":[{"href":"https:\/\/www.europesays.com\/pt\/wp-json\/wp\/v2\/types\/post"}],"author":[{"embeddable":true,"href":"https:\/\/www.europesays.com\/pt\/wp-json\/wp\/v2\/users\/2"}],"replies":[{"embeddable":true,"href":"https:\/\/www.europesays.com\/pt\/wp-json\/wp\/v2\/comments?post=208040"}],"version-history":[{"count":0,"href":"https:\/\/www.europesays.com\/pt\/wp-json\/wp\/v2\/posts\/208040\/revisions"}],"wp:featuredmedia":[{"embeddable":true,"href":"https:\/\/www.europesays.com\/pt\/wp-json\/wp\/v2\/media\/208041"}],"wp:attachment":[{"href":"https:\/\/www.europesays.com\/pt\/wp-json\/wp\/v2\/media?parent=208040"}],"wp:term":[{"taxonomy":"category","embeddable":true,"href":"https:\/\/www.europesays.com\/pt\/wp-json\/wp\/v2\/categories?post=208040"},{"taxonomy":"post_tag","embeddable":true,"href":"https:\/\/www.europesays.com\/pt\/wp-json\/wp\/v2\/tags?post=208040"}],"curies":[{"name":"wp","href":"https:\/\/api.w.org\/{rel}","templated":true}]}}