{"id":208067,"date":"2025-12-30T15:07:13","date_gmt":"2025-12-30T15:07:13","guid":{"rendered":"https:\/\/www.europesays.com\/pt\/208067\/"},"modified":"2025-12-30T15:07:13","modified_gmt":"2025-12-30T15:07:13","slug":"depressao-francis-aviso-laranja-de-chuva-forte-para-a-madeira-no-arranque-de-2026","status":"publish","type":"post","link":"https:\/\/www.europesays.com\/pt\/208067\/","title":{"rendered":"Depress\u00e3o Francis. Aviso laranja de chuva forte para a Madeira no arranque de 2026"},"content":{"rendered":"<p>                A costa sul e as regi\u00f5es montanhosas da Ilha da Madeira ficam debaixo de aviso laranja, na pr\u00f3xima quinta-feira, primeiro dia do novo ano, por causa da previs\u00e3o de chuva forte. Um quadro que levou tamb\u00e9m a Prote\u00e7\u00e3o Civil local a emitir um alerta \u00e0 popula\u00e7\u00e3o.<\/p>\n<p>De acordo com o Instituto Portugu\u00eas do Mar e da Atmosfera, <b>para al\u00e9m da chuva, haver\u00e1 vento forte, trovoada e agita\u00e7\u00e3o mar\u00edtima a fustigar a Regi\u00e3o Aut\u00f3noma<\/b>.O aviso laranja para a costa sul e as regi\u00f5es montanhosas da Madeira vigoram entre as 0h00 e as 9h00 de 1 de janeiro.<br \/>&#13;\n<\/p>\n<p>A totalidade do arquip\u00e9lago ficar\u00e1 debaixo de aviso amarelo das 18h00 de quarta-feira at\u00e9 \u00e0s 0h00 de quinta-feira, tamb\u00e9m devido \u00e0 chuva persistente e por vezes forte \u2013 e at\u00e9 \u00e0s 9h00 por causa do vento forte.<\/p>\n<p><b>A previs\u00e3o de trovoadas frequentes e dispersas dita tamb\u00e9m aviso amarelo a vigorar entre as 0h00 e as 12h00 de quinta-feira<\/b>.<\/p>\n<p>          <img decoding=\"async\" itemprop=\"image\" class=\"img-fluid\"   src=\"https:\/\/www.europesays.com\/pt\/wp-content\/uploads\/2025\/12\/bcf4a68e37be62a7d71bebc3e4dff230_N.jpg\"\/><\/p>\n<p>Jornal da Tarde | 30 de dezembro de 2025 <br \/>&#13;<\/p>\n<p><b><br \/>&#13;<br \/>\nA costa sul da Ilha da Madeira fica sob aviso amarelo, devido \u00e0 previs\u00e3o de agita\u00e7\u00e3o mar\u00edtima forte<\/b>, com ondas de sudoeste de quatro metros, <b>das 0h00 \u00e0s 9h00 do primeiro dia do ano<\/b>.<\/p>\n<p>Em comunicado, <b>o Servi\u00e7o de Prote\u00e7\u00e3o Civil da Madeira adverte para a possibilidade de queda de ramos ou \u00e1rvores e eventuais danos para as infraestruturas de comunica\u00e7\u00f5es e energia, a somar ao piso rodovi\u00e1rio escorregadio, \u00e0 poss\u00edvel forma\u00e7\u00e3o de len\u00e7\u00f3is de \u00e1gua e ocorr\u00eancia de inunda\u00e7\u00f5es e \u201cgalgamentos costeiros\u201d<\/b>. A Prote\u00e7\u00e3o Civil apela para que n\u00e3o se &#13;<br \/>\ncircule em zonas com pr\u00e9dios degradados, a especial cuidado nas zonas &#13;<br \/>\nmontanhosas, vertentes expostas e zonas costeiras e se adote uma &#13;<br \/>\ncondu\u00e7\u00e3o defensiva.<\/p>\n<p>A Prote\u00e7\u00e3o Civil sinaliza ainda <b>o poss\u00edvel arrastamento para as vias rodovi\u00e1rias de objetos soltos, o desprendimento de estruturas m\u00f3veis ou deficientemente fixadas<\/b>, podendo causar acidentes com ve\u00edculos em circula\u00e7\u00e3o ou mesmo transeuntes.<\/p>\n<p>A popula\u00e7\u00e3o \u00e9 assim aconselhada a adotar comportamentos adequados, garantir a desobstru\u00e7\u00e3o dos sistemas de drenagem pluvial, assegurar a fixa\u00e7\u00e3o adequada de estruturas soltas, como andaimes, placards e estruturas suspensas, e a evitar deslocamentos desnecess\u00e1rios.A depress\u00e3o Francis vai causar chuva, vento e &#13;<br \/>\nondula\u00e7\u00e3o fortes tamb\u00e9m em Portugal continental, mas este agravamento do&#13;<br \/>\nestado do tempo ser\u00e1 mais intenso na Madeira.<\/p>\n<p>\u201cHouve altera\u00e7\u00f5es significativas relativamente \u00e0s previs\u00f5es anteriores do IPMA que n\u00e3o davam precipita\u00e7\u00e3o. <b>A situa\u00e7\u00e3o de precipita\u00e7\u00e3o antecipou consideravelmente relativamente h\u00e1 cerca de dois dias a esta parte, pelo que devido \u00e0 passagem da depress\u00e3o Francis vamos ter precipita\u00e7\u00e3o<\/b>\u201d, explicou a meteorologista Maria Jo\u00e3o Frada, do IPMA, citada pela ag\u00eancia Lusa. <\/p>\n<p>At\u00e9 quarta-feira, o estado do tempo sofrer\u00e1 a influ\u00eancia de um anticiclone localizado a sul da Isl\u00e2ndia, que se estende em crista em dire\u00e7\u00e3o \u00e0 Europa Ocidental, causando uma corrente fraca de leste e o transporte de uma massa de ar polar sobre o territ\u00f3rio continental. <\/p>\n<p>c\/ Lusa&#13;\n            <\/p>\n","protected":false},"excerpt":{"rendered":"A costa sul e as regi\u00f5es montanhosas da Ilha da Madeira ficam debaixo de aviso laranja, na pr\u00f3xima&hellip;\n","protected":false},"author":2,"featured_media":208068,"comment_status":"","ping_status":"","sticky":false,"template":"","format":"standard","meta":{"footnotes":""},"categories":[10],"tags":[27,28,2139,24640,1531,15,16,40962,14,25,26,1301,21,22,8532,606,12,13,19,20,32,23,24,33,17,18,29,30,31],"class_list":{"0":"post-208067","1":"post","2":"type-post","3":"status-publish","4":"format-standard","5":"has-post-thumbnail","7":"category-portugal","8":"tag-breaking-news","9":"tag-breakingnews","10":"tag-chuva","11":"tag-continental","12":"tag-depressao","13":"tag-featured-news","14":"tag-featurednews","15":"tag-francis","16":"tag-headlines","17":"tag-latest-news","18":"tag-latestnews","19":"tag-madeira","20":"tag-main-news","21":"tag-mainnews","22":"tag-mau-tempo","23":"tag-meteorologia","24":"tag-news","25":"tag-noticias","26":"tag-noticias-principais","27":"tag-noticiasprincipais","28":"tag-portugal","29":"tag-principais-noticias","30":"tag-principaisnoticias","31":"tag-pt","32":"tag-top-stories","33":"tag-topstories","34":"tag-ultimas","35":"tag-ultimas-noticias","36":"tag-ultimasnoticias"},"share_on_mastodon":{"url":"https:\/\/pubeurope.com\/@pt\/115809147227411476","error":""},"_links":{"self":[{"href":"https:\/\/www.europesays.com\/pt\/wp-json\/wp\/v2\/posts\/208067","targetHints":{"allow":["GET"]}}],"collection":[{"href":"https:\/\/www.europesays.com\/pt\/wp-json\/wp\/v2\/posts"}],"about":[{"href":"https:\/\/www.europesays.com\/pt\/wp-json\/wp\/v2\/types\/post"}],"author":[{"embeddable":true,"href":"https:\/\/www.europesays.com\/pt\/wp-json\/wp\/v2\/users\/2"}],"replies":[{"embeddable":true,"href":"https:\/\/www.europesays.com\/pt\/wp-json\/wp\/v2\/comments?post=208067"}],"version-history":[{"count":0,"href":"https:\/\/www.europesays.com\/pt\/wp-json\/wp\/v2\/posts\/208067\/revisions"}],"wp:featuredmedia":[{"embeddable":true,"href":"https:\/\/www.europesays.com\/pt\/wp-json\/wp\/v2\/media\/208068"}],"wp:attachment":[{"href":"https:\/\/www.europesays.com\/pt\/wp-json\/wp\/v2\/media?parent=208067"}],"wp:term":[{"taxonomy":"category","embeddable":true,"href":"https:\/\/www.europesays.com\/pt\/wp-json\/wp\/v2\/categories?post=208067"},{"taxonomy":"post_tag","embeddable":true,"href":"https:\/\/www.europesays.com\/pt\/wp-json\/wp\/v2\/tags?post=208067"}],"curies":[{"name":"wp","href":"https:\/\/api.w.org\/{rel}","templated":true}]}}