{"id":208077,"date":"2025-12-30T15:16:14","date_gmt":"2025-12-30T15:16:14","guid":{"rendered":"https:\/\/www.europesays.com\/pt\/208077\/"},"modified":"2025-12-30T15:16:14","modified_gmt":"2025-12-30T15:16:14","slug":"casos-de-meningite-crescem-e-gdf-reforca-importancia-da-vacinacao","status":"publish","type":"post","link":"https:\/\/www.europesays.com\/pt\/208077\/","title":{"rendered":"Casos de meningite crescem e GDF refor\u00e7a import\u00e2ncia da vacina\u00e7\u00e3o"},"content":{"rendered":"<p class=\"texto\">A meningite voltou a acender um sinal de alerta no Distrito Federal. Entre janeiro e setembro de 2025, foram registrados 69 casos da doen\u00e7a. At\u00e9 o dia 1\u00ba de dezembro, o Brasil registrou 11,2 mil casos de meningite, segundo dados do Minist\u00e9rio da Sa\u00fade.<\/p>\n<p class=\"texto\">Mesmo com o aumento pontual de casos, o DF registra avan\u00e7o na imuniza\u00e7\u00e3o: em 2024, foram aplicadas 30,3 mil doses de vacinas que protegem contra diferentes tipos de meningite \u2014 n\u00famero maior que o do ano anterior. A cobertura vacinal chegou a 95,3%, um crescimento de quase 2%.<\/p>\n<p class=\"texto\">A gerente da Rede de Frio Central da SES-DF, Tereza Luiza Pereira, esclarece que uma \u00fanica ida a um local de vacina\u00e7\u00e3o pode servir para atualizar diversos esquemas vacinais. &#8220;A dose da meningite pode ser aplicada junto a qualquer outra vacina do calend\u00e1rio. Manter a caderneta atualizada \u00e9 a forma mais eficaz de proteger, principalmente, beb\u00eas, adolescentes e jovens adultos.\u201d, explica.<\/p>\n<p>Vacina\u00e7\u00e3o<\/p>\n<p class=\"texto\">No entanto, a\u00a0Secretaria de Sa\u00fade do Distrito Federal (SES-DF) refor\u00e7a que a vacina\u00e7\u00e3o\u00a0segue como\u00a0a principal barreira contra surtos de meningite e orienta que pais, respons\u00e1veis e adolescentes verifiquem suas cadernetas para manter o esquema vacinal em dia. O imunizante est\u00e1 dispon\u00edvel nas diversas salas de vacinas distribu\u00eddas nas Unidades B\u00e1sicas de Sa\u00fade (UBSs) do DF.<\/p>\n<p class=\"texto\">O\u00a0Programa Nacional de Imuniza\u00e7\u00f5es (PNI) oferece gratuitamente cinco vacinas que ajudam a prevenir meningites: BCG, Pentavalente, Meningoc\u00f3cica C, Pneumoc\u00f3cica 10v e Meningoc\u00f3cica ACWY, que\u00a0\u00e9 voltada especialmente para adolescentes de 11 a 14 anos e tamb\u00e9m \u00e9 aplicada como refor\u00e7o aos 12 meses de idade.\u00a0<\/p>\n<p class=\"texto\">O esquema vacinal contra meningite come\u00e7a com duas doses da vacina meningoc\u00f3cica C, aos 3 meses e aos 5 meses, e, agora, refor\u00e7o aos 12 meses, que passar\u00e1 a ser feito com a vacina ACWY.\u00a0Al\u00e9m disso, de acordo coma Nota T\u00e9cnica n\u00ba 77\/2025, do Minist\u00e9rio da Sa\u00fade, beb\u00eas que deixaram de tomar a dose de refor\u00e7o aos 12 meses podem receber a vacina at\u00e9 os 4 anos, 11 meses e 29 dias. J\u00e1 aqueles que receberam a dose aos 12 meses com a vacina meningoc\u00f3cica C s\u00e3o considerados vacinados, sem necessidade da dose de refor\u00e7o.<\/p>\n<p class=\"texto\">*Com informa\u00e7\u00f5es da Secretaria de Sa\u00fade do DF<\/p>\n<p class=\"texto\">\u00a0<\/p>\n<ul>\n<li><a href=\"https:\/\/wa.me\/?text=Casos+de+meningite+crescem+e+GDF+refor%C3%A7a+import%C3%A2ncia+da+vacina%C3%A7%C3%A3o%20https:\/\/www.correiobraziliense.com.br\/cidades-df\/2025\/12\/7323293-casos-de-meningite-crescem-e-gdf-reforca-importancia-da-vacinacao.html\" target=\"_blank\" title=\"Whatsapp\" aria-label=\"WhatsApp\" rel=\"nofollow noopener\"><\/a><\/li>\n<li><a href=\"https:\/\/www.facebook.com\/sharer.php?u=https:\/\/www.correiobraziliense.com.br%2Fcidades-df%2F2025%2F12%2F7323293-casos-de-meningite-crescem-e-gdf-reforca-importancia-da-vacinacao.html&amp;text=Casos+de+meningite+crescem+e+GDF+refor%C3%A7a+import%C3%A2ncia+da+vacina%C3%A7%C3%A3o\" target=\"_blank\" title=\"Facebook\" aria-label=\"Facebook\" rel=\"nofollow noopener\"><\/a><\/li>\n<li><a href=\"https:\/\/twitter.com\/intent\/tweet?url=https:\/\/www.correiobraziliense.com.br%2Fcidades-df%2F2025%2F12%2F7323293-casos-de-meningite-crescem-e-gdf-reforca-importancia-da-vacinacao.html&amp;text=Casos+de+meningite+crescem+e+GDF+refor%C3%A7a+import%C3%A2ncia+da+vacina%C3%A7%C3%A3o\" target=\"_blank\" title=\"Twitter\" aria-label=\"Twitter\" rel=\"nofollow noopener\"><\/a><\/li>\n<li><a href=\"https:\/\/profile.google.com\/cp\/CgovbS8wNzZ0dms1\" title=\"Google Discover\" target=\"_blank\" aria-label=\"Google Discover\" rel=\"nofollow noopener\"><img decoding=\"async\" src=\"https:\/\/www.europesays.com\/pt\/wp-content\/uploads\/2025\/12\/google-discover-icon.png\" style=\"height: 25px; margin: 0 !important; margin-left: 3px;\" alt=\"Google Discover Icon\"\/><\/a><\/li>\n<\/ul>\n<p>              <a href=\"https:\/\/www.correiobraziliense.com.br\/autor\/correio-braziliense\/page\/1\/\" style=\"height: 100%;\" rel=\"nofollow noopener\" target=\"_blank\"><img decoding=\"async\" class=\"hidden-print author-circle d-block h6 mt-0 mb-0 mr-6 text-center\" src=\"https:\/\/www.europesays.com\/pt\/wp-content\/uploads\/2025\/10\/logo_800x800-32298422.png\" alt=\"\" width=\"40\" height=\"40\" loading=\"lazy\" style=\"object-fit:cover; width: 40px; height: 40px; margin-right:10px;\"\/><\/a><a href=\"https:\/\/www.correiobraziliense.com.br\/autor\/correio-braziliense\/page\/1\/\" rel=\"nofollow noopener\" target=\"_blank\"><img decoding=\"async\" class=\"hidden-print author-circle d-block h6 mt-0 mb-0 mr-6 text-center\" src=\"https:\/\/www.europesays.com\/pt\/wp-content\/uploads\/2025\/10\/logo_800x800-32298422.png\" alt=\"\" width=\"40\" height=\"40\" loading=\"lazy\" style=\"object-fit:cover; width: 40px; height: 40px; margin-right:10px;\"\/><\/a><\/p>\n<p>                          <script async src=\"https:\/\/platform.twitter.com\/widgets.js\" charset=\"utf-8\"><\/script><\/p>\n","protected":false},"excerpt":{"rendered":"A meningite voltou a acender um sinal de alerta no Distrito Federal. Entre janeiro e setembro de 2025,&hellip;\n","protected":false},"author":2,"featured_media":208078,"comment_status":"","ping_status":"","sticky":false,"template":"","format":"standard","meta":{"footnotes":""},"categories":[86],"tags":[116,4993,32,33,117,22251,2820],"class_list":{"0":"post-208077","1":"post","2":"type-post","3":"status-publish","4":"format-standard","5":"has-post-thumbnail","7":"category-saude","8":"tag-health","9":"tag-meningite","10":"tag-portugal","11":"tag-pt","12":"tag-saude","13":"tag-ses-df","14":"tag-vacinacao"},"share_on_mastodon":{"url":"https:\/\/pubeurope.com\/@pt\/115809182368401787","error":""},"_links":{"self":[{"href":"https:\/\/www.europesays.com\/pt\/wp-json\/wp\/v2\/posts\/208077","targetHints":{"allow":["GET"]}}],"collection":[{"href":"https:\/\/www.europesays.com\/pt\/wp-json\/wp\/v2\/posts"}],"about":[{"href":"https:\/\/www.europesays.com\/pt\/wp-json\/wp\/v2\/types\/post"}],"author":[{"embeddable":true,"href":"https:\/\/www.europesays.com\/pt\/wp-json\/wp\/v2\/users\/2"}],"replies":[{"embeddable":true,"href":"https:\/\/www.europesays.com\/pt\/wp-json\/wp\/v2\/comments?post=208077"}],"version-history":[{"count":0,"href":"https:\/\/www.europesays.com\/pt\/wp-json\/wp\/v2\/posts\/208077\/revisions"}],"wp:featuredmedia":[{"embeddable":true,"href":"https:\/\/www.europesays.com\/pt\/wp-json\/wp\/v2\/media\/208078"}],"wp:attachment":[{"href":"https:\/\/www.europesays.com\/pt\/wp-json\/wp\/v2\/media?parent=208077"}],"wp:term":[{"taxonomy":"category","embeddable":true,"href":"https:\/\/www.europesays.com\/pt\/wp-json\/wp\/v2\/categories?post=208077"},{"taxonomy":"post_tag","embeddable":true,"href":"https:\/\/www.europesays.com\/pt\/wp-json\/wp\/v2\/tags?post=208077"}],"curies":[{"name":"wp","href":"https:\/\/api.w.org\/{rel}","templated":true}]}}