{"id":208086,"date":"2025-12-30T15:22:12","date_gmt":"2025-12-30T15:22:12","guid":{"rendered":"https:\/\/www.europesays.com\/pt\/208086\/"},"modified":"2025-12-30T15:22:12","modified_gmt":"2025-12-30T15:22:12","slug":"acaba-a-opcao-mais-segura-dos-ctt-no-envio-de-bens-por-correio-para-outros-paises-ctt","status":"publish","type":"post","link":"https:\/\/www.europesays.com\/pt\/208086\/","title":{"rendered":"Acaba a op\u00e7\u00e3o \u201cmais segura\u201d dos CTT no envio de bens por correio para outros pa\u00edses | CTT"},"content":{"rendered":"<p>\u201cA forma mais segura de enviar documentos e bens at\u00e9 2 kg\u201d, a classifica\u00e7\u00e3o atribu\u00edda pelos CTT ao <a href=\"https:\/\/www.ctt.pt\/particulares\/enviar\/para-o-estrangeiro\/correio-registado#fndtn-tab3\" rel=\"nofollow noopener\" target=\"_blank\">correio registado<\/a>, vai deixar de ser poss\u00edvel a partir de 2026 no que diz respeito aos bens e ao seu envio internacional. N\u00e3o \u00e9 um exclusivo portugu\u00eas: \u00e9 uma regra internacional que vai tirar esta op\u00e7\u00e3o aos cidad\u00e3os e empresas na hora de enviarem produtos como telem\u00f3veis, equipamentos como discos, electrodom\u00e9sticos e roupa, pelo correio.<\/p>\n<p>Com informa\u00e7\u00e3o sobre o estado do envio, com rastreabilidade, comprovativo de envio, tratamento em circuito exclusivo e seguro inclu\u00eddo, e com acesso a servi\u00e7os adicionais como comprovativo de entrega e entrega ao pr\u00f3prio, o correio registado vai deixar de poder passar fronteiras.<\/p>\n<p>\u201cOs CTT \u2013 Correios de Portugal informam que, devido a uma altera\u00e7\u00e3o legislativa internacional definida pela Uni\u00e3o Postal Universal (UPU), foi determinado que, a partir de 1 de Janeiro de 2026, deixa de ser poss\u00edvel o envio de bens por Correio Registado Internacional\u201d, segundo o comunicado enviado \u00e0s redac\u00e7\u00f5es esta ter\u00e7a-feira, 30 de Dezembro. A UPU \u00e9 a organiza\u00e7\u00e3o internacional integrada nas Na\u00e7\u00f5es Unidas para as comunica\u00e7\u00f5es postais, contando com 192 pa\u00edses, incluindo Portugal.<\/p>\n<p>H\u00e1 alternativas para continuar a enviar os documentos, mas os servi\u00e7os oferecidos s\u00e3o distintos. \u201cAs correspond\u00eancias com bens podem ser enviadas por Correio Azul Internacional, que oferece tratamento priorit\u00e1rio e tamb\u00e9m a rastreabilidade em todos os pa\u00edses da UPU\u201d, segundo o mesmo documento. Por\u00e9m, o comprovativo de envio, o seguro inclu\u00eddo e o circuito exclusivo n\u00e3o fazem parte do produto.<\/p>\n<p>A outra alternativa promovida pelos CTT na informa\u00e7\u00e3o disponibilizada no seu site \u00e9 a encomenda postal, em que os pre\u00e7os s\u00e3o mais elevados. \u201cOs bens s\u00e3o envios que contenham objectos tang\u00edveis e transport\u00e1veis, ou com valor comercial, que n\u00e3o dinheiro ou documentos, como por exemplo uma pen com fotos para fim comercial, telem\u00f3veis, roupa ou electrodom\u00e9sticos\u201d, detalha a nota dos CTT.<\/p>\n<p>Estas altera\u00e7\u00f5es dizem respeito apenas ao envio de bens, porque os documentos \u2013 \u201cmanuscritos, desenhos, impressos, ou informa\u00e7\u00e3o gravada em formato digital e sem valor comercial, como por exemplo documentos de identifica\u00e7\u00e3o, cart\u00f5es de boas festas, cart\u00e3o Multibanco ou relat\u00f3rios\u201d \u2013 podem continuar a ser enviados por correio registado internacional, com novidades: \u201co correio registado internacional passar\u00e1 a ter rastreabilidade em todos os pa\u00edses da UPU, \u00e0 medida que disponibilizarem a presta\u00e7\u00e3o do servi\u00e7o Track &amp; Trace [rastreabilidade] no seu territ\u00f3rio e ser\u00e1 exclusivo para o envio de documentos\u201d.<\/p>\n<p>Os CTT explicam que estas altera\u00e7\u00f5es n\u00e3o s\u00e3o uma decis\u00e3o \u00fanica da empresa e que se inserem num movimento global: \u201cEstas medidas fazem parte de uma estrat\u00e9gia mais ampla da UPU para simplificar e modernizar o portef\u00f3lio de produtos, focando o tipo de servi\u00e7o no conte\u00fado, documentos ou bens, e visam alinhar os servi\u00e7os postais com as crescentes necessidades do com\u00e9rcio electr\u00f3nico, que exige controlos de seguran\u00e7a e alfandeg\u00e1rios espec\u00edficos para as mercadorias\u201d.<\/p>\n<p>Na pr\u00e1tica, as empresas de servi\u00e7o postal intensificam a diferencia\u00e7\u00e3o entre os servi\u00e7os que prestam para os documentos e para as encomendas, sendo que esta altera\u00e7\u00e3o est\u00e1 j\u00e1 prevista desde <a href=\"https:\/\/www.upu.int\/UPU\/media\/upu\/files\/aboutUpu\/acts\/07-actsAndOtherDecisions2021AbidjanCongress\/CNG-ACTS%e2%94%80Doc-0-(5).pdf\" rel=\"nofollow noopener\" target=\"_blank\">2023 pelos pa\u00edses da organiza\u00e7\u00e3o. <\/a><\/p>\n","protected":false},"excerpt":{"rendered":"\u201cA forma mais segura de enviar documentos e bens at\u00e9 2 kg\u201d, a classifica\u00e7\u00e3o atribu\u00edda pelos CTT ao&hellip;\n","protected":false},"author":2,"featured_media":208087,"comment_status":"","ping_status":"","sticky":false,"template":"","format":"standard","meta":{"footnotes":""},"categories":[8],"tags":[27,28,13601,476,90,15,16,14,25,26,21,22,12,13,19,20,32,40964,23,24,33,17,18,29,30,31],"class_list":{"0":"post-208086","1":"post","2":"type-post","3":"status-publish","4":"format-standard","5":"has-post-thumbnail","7":"category-principais-noticias","8":"tag-breaking-news","9":"tag-breakingnews","10":"tag-ctt","11":"tag-economia","12":"tag-empresas","13":"tag-featured-news","14":"tag-featurednews","15":"tag-headlines","16":"tag-latest-news","17":"tag-latestnews","18":"tag-main-news","19":"tag-mainnews","20":"tag-news","21":"tag-noticias","22":"tag-noticias-principais","23":"tag-noticiasprincipais","24":"tag-portugal","25":"tag-postal","26":"tag-principais-noticias","27":"tag-principaisnoticias","28":"tag-pt","29":"tag-top-stories","30":"tag-topstories","31":"tag-ultimas","32":"tag-ultimas-noticias","33":"tag-ultimasnoticias"},"share_on_mastodon":{"url":"https:\/\/pubeurope.com\/@pt\/115809205830089922","error":""},"_links":{"self":[{"href":"https:\/\/www.europesays.com\/pt\/wp-json\/wp\/v2\/posts\/208086","targetHints":{"allow":["GET"]}}],"collection":[{"href":"https:\/\/www.europesays.com\/pt\/wp-json\/wp\/v2\/posts"}],"about":[{"href":"https:\/\/www.europesays.com\/pt\/wp-json\/wp\/v2\/types\/post"}],"author":[{"embeddable":true,"href":"https:\/\/www.europesays.com\/pt\/wp-json\/wp\/v2\/users\/2"}],"replies":[{"embeddable":true,"href":"https:\/\/www.europesays.com\/pt\/wp-json\/wp\/v2\/comments?post=208086"}],"version-history":[{"count":0,"href":"https:\/\/www.europesays.com\/pt\/wp-json\/wp\/v2\/posts\/208086\/revisions"}],"wp:featuredmedia":[{"embeddable":true,"href":"https:\/\/www.europesays.com\/pt\/wp-json\/wp\/v2\/media\/208087"}],"wp:attachment":[{"href":"https:\/\/www.europesays.com\/pt\/wp-json\/wp\/v2\/media?parent=208086"}],"wp:term":[{"taxonomy":"category","embeddable":true,"href":"https:\/\/www.europesays.com\/pt\/wp-json\/wp\/v2\/categories?post=208086"},{"taxonomy":"post_tag","embeddable":true,"href":"https:\/\/www.europesays.com\/pt\/wp-json\/wp\/v2\/tags?post=208086"}],"curies":[{"name":"wp","href":"https:\/\/api.w.org\/{rel}","templated":true}]}}