{"id":20812,"date":"2025-08-08T08:06:23","date_gmt":"2025-08-08T08:06:23","guid":{"rendered":"https:\/\/www.europesays.com\/pt\/20812\/"},"modified":"2025-08-08T08:06:23","modified_gmt":"2025-08-08T08:06:23","slug":"big-brother-as-primeiras-declaracoes-de-joao-oliveira-apos-expulsao","status":"publish","type":"post","link":"https:\/\/www.europesays.com\/pt\/20812\/","title":{"rendered":"Big Brother &#8211; As primeiras declara\u00e7\u00f5es de Jo\u00e3o Oliveira ap\u00f3s expuls\u00e3o"},"content":{"rendered":"<p>  <img width=\"780\" height=\"470\" src=\"https:\/\/www.europesays.com\/pt\/wp-content\/uploads\/2025\/08\/Joao-Oliveira-780x470.jpg\" alt=\"Big Brother - As primeiras declara\u00e7\u00f5es de Jo\u00e3o Oliveira ap\u00f3s expuls\u00e3o\" data-main-img=\"1\" decoding=\"async\" fetchpriority=\"high\"\/>   Big Brother &#8211; As primeiras declara\u00e7\u00f5es de Jo\u00e3o Oliveira ap\u00f3s expuls\u00e3oJo\u00e3o Oliveira acabou expulso do Big Brother, numa noite que se esperava a sa\u00edda de Daniela Santos.<\/p>\n<p>\u00c0 equipa do Digital da TVI, diz que saiu bem, \u201cSuper tranquilo. Entrei tranquilo, sa\u00ed tranquilo, sem remorsos, sem rancores, sem grandes intrigas. Sa\u00ed mesmo puro e limpo.\u201d<\/p>\n<p>Depois admite que a Miranda lhe estragou o jogo, <strong>\u201cN\u00e3o teria feito muito diferente. Eu acho que n\u00e3o foi f\u00e1cil para mim reinventar-me no jogo porque entrei a meio. Acredito que teria sido diferente que tivesse entrado de in\u00edcio. \u00c9 um facto que a Miranda matou um bocadinho o meu jogo. Ali o Afonso, parte do jogo que ela fazia comigo antigamente, matou um bocadinho. E eu fiquei ali um bocadinho sem ter fio para onde pegar.\u201d<\/strong><\/p>\n<p>E garante, \u201cFoi uma boa experi\u00eancia passar por l\u00e1 novamente. E acho que j\u00e1 fiz mais um cheque na minha vida.\u201d<\/p>\n<blockquote class=\"instagram-media\" style=\"background: #FFF; border: 0; border-radius: 3px; box-shadow: 0 0 1px 0 rgba(0,0,0,0.5),0 1px 10px 0 rgba(0,0,0,0.15); margin: 1px; max-width: 540px; min-width: 326px; padding: 0; width: calc(100% - 2px);\" data-instgrm-captioned=\"\" data-instgrm-permalink=\"https:\/\/www.instagram.com\/reel\/DM6bGuQIRKt\/?utm_source=ig_embed&amp;utm_campaign=loading\" data-instgrm-version=\"14\"\/><p>  <script async src=\"\/\/www.instagram.com\/embed.js\"><\/script><\/p>\n","protected":false},"excerpt":{"rendered":"Big Brother &#8211; As primeiras declara\u00e7\u00f5es de Jo\u00e3o Oliveira ap\u00f3s expuls\u00e3oJo\u00e3o Oliveira acabou expulso do Big Brother, numa&hellip;\n","protected":false},"author":2,"featured_media":20813,"comment_status":"","ping_status":"","sticky":false,"template":"","format":"standard","meta":{"footnotes":""},"categories":[142],"tags":[2573,48,2261,2574,114,115,32,33,1014,2575,2576,151,162],"class_list":{"0":"post-20812","1":"post","2":"type-post","3":"status-publish","4":"format-standard","5":"has-post-thumbnail","7":"category-tv","8":"tag-bbveru00e3o","9":"tag-big-brother","10":"tag-big-brother-veru00e3o","11":"tag-concorrentes-big-brother-veru00e3o","12":"tag-entertainment","13":"tag-entretenimento","14":"tag-portugal","15":"tag-pt","16":"tag-reality-show","17":"tag-sondagem-big-brother","18":"tag-sondagens-big-brother","19":"tag-tv","20":"tag-tvi"},"share_on_mastodon":{"url":"","error":""},"_links":{"self":[{"href":"https:\/\/www.europesays.com\/pt\/wp-json\/wp\/v2\/posts\/20812","targetHints":{"allow":["GET"]}}],"collection":[{"href":"https:\/\/www.europesays.com\/pt\/wp-json\/wp\/v2\/posts"}],"about":[{"href":"https:\/\/www.europesays.com\/pt\/wp-json\/wp\/v2\/types\/post"}],"author":[{"embeddable":true,"href":"https:\/\/www.europesays.com\/pt\/wp-json\/wp\/v2\/users\/2"}],"replies":[{"embeddable":true,"href":"https:\/\/www.europesays.com\/pt\/wp-json\/wp\/v2\/comments?post=20812"}],"version-history":[{"count":0,"href":"https:\/\/www.europesays.com\/pt\/wp-json\/wp\/v2\/posts\/20812\/revisions"}],"wp:featuredmedia":[{"embeddable":true,"href":"https:\/\/www.europesays.com\/pt\/wp-json\/wp\/v2\/media\/20813"}],"wp:attachment":[{"href":"https:\/\/www.europesays.com\/pt\/wp-json\/wp\/v2\/media?parent=20812"}],"wp:term":[{"taxonomy":"category","embeddable":true,"href":"https:\/\/www.europesays.com\/pt\/wp-json\/wp\/v2\/categories?post=20812"},{"taxonomy":"post_tag","embeddable":true,"href":"https:\/\/www.europesays.com\/pt\/wp-json\/wp\/v2\/tags?post=20812"}],"curies":[{"name":"wp","href":"https:\/\/api.w.org\/{rel}","templated":true}]}}