{"id":208120,"date":"2025-12-30T15:48:12","date_gmt":"2025-12-30T15:48:12","guid":{"rendered":"https:\/\/www.europesays.com\/pt\/208120\/"},"modified":"2025-12-30T15:48:12","modified_gmt":"2025-12-30T15:48:12","slug":"reino-unido-vai-deixar-de-autorizar-vistos-%e2%80%b3expressos%e2%80%b3-a-cidadaos-da-rdc","status":"publish","type":"post","link":"https:\/\/www.europesays.com\/pt\/208120\/","title":{"rendered":"Reino Unido vai deixar de autorizar vistos \u2033expressos\u2033 a cidad\u00e3os da RDC"},"content":{"rendered":"<p>NJ\/Lusa<\/p>\n<p>29 de Dezembro\u00a02025 \u00e0s 10:22<\/p>\n<p>As autoridades brit\u00e2nicas v\u00e3o deixar de autorizar processos de vistos &#8220;expressos&#8221; aos cidad\u00e3os da RDC e, inclusive, os pol\u00edticos do pa\u00eds africano n\u00e3o receber\u00e3o qualquer tratamento especial ao viajar para o Reino Unido, de acordo com uma declara\u00e7\u00e3o do Minist\u00e9rio do Interior brit\u00e2nico, divulgada pela BBC.<\/p>\n<p>Angola e a Nam\u00edbia, como aceitaram as condi\u00e7\u00f5es do Reino Unido relativas \u00e0 deporta\u00e7\u00e3o de imigrantes ilegais, mant\u00eam o estatuto, depois de Londres ter amea\u00e7ado os dois pa\u00edses com san\u00e7\u00f5es, o que a RDC poder\u00e1 agora enfrentar, ainda que Londres reconhe\u00e7a que alguns compromissos foram assumidos por Kinshasa.<\/p>\n<p>Caso a RDC n\u00e3o colabore, sublinha o Governo brit\u00e2nico, pode enfrentar medidas sancionat\u00f3rias mais severas, como a proibi\u00e7\u00e3o da emiss\u00e3o de vistos para qualquer pessoa do pa\u00eds.<\/p>\n<p>O Reino Unido considerava que os tr\u00eas pa\u00edses impediam efectivamente as deporta\u00e7\u00f5es de &#8220;imigrantes ilegais e criminosos estrangeiros&#8221; para os respectivos territ\u00f3rios de origem atrav\u00e9s do recurso \u00e0 burocracia. Nos pr\u00f3ximos meses, os processos de vistos ser\u00e3o acelerados para Angola e Nam\u00edbia.<\/p>\n<p>&#8220;Esperamos que os pa\u00edses cumpram as regras. Se um dos seus cidad\u00e3os n\u00e3o tem direito a estar aqui, devem lev\u00e1-lo de volta. Agrade\u00e7o a Angola e \u00e0 Nam\u00edbia e congratulo-me com a sua coopera\u00e7\u00e3o. Agora \u00e9 a altura de a Rep\u00fablica Democr\u00e1tica do Congo fazer o que est\u00e1 certo. Levem os vossos cidad\u00e3os de volta ou percam o privil\u00e9gio de entrar no nosso pa\u00eds&#8221;, afirmou a secret\u00e1ria do Interior, Shabana Mahmood, citada pela BBC.<\/p>\n<p>O Minist\u00e9rio do Interior sublinhou que o acordo de Angola e da Nam\u00edbia em melhorar os respectivos processos de deporta\u00e7\u00e3o de imigrantes ilegais no Reino Unido marca o &#8220;primeiro sucesso das reformas em mat\u00e9ria de asilo [aprovadas] do m\u00eas passado&#8221;.<\/p>\n<p>De acordo com as altera\u00e7\u00f5es do Governo brit\u00e2nico ao sistema de asilo do Reino Unido, o estatuto de refugiado passar\u00e1 a ser tempor\u00e1rio, o apoio garantido \u00e0 habita\u00e7\u00e3o para os requerentes de asilo ser\u00e1 encerrado e ser\u00e3o criadas novas &#8220;rotas seguras e legais&#8221; para o Reino Unido, com um limite m\u00e1ximo<\/p>\n<p>Ao anunciar as altera\u00e7\u00f5es no m\u00eas passado, Mahmood advertiu que seriam aplicadas san\u00e7\u00f5es em mat\u00e9ria de vistos aos pa\u00edses que n\u00e3o cooperassem com as pol\u00edticas de regresso, incluindo um &#8220;trav\u00e3o de emerg\u00eancia&#8221; aos vistos para pa\u00edses com um elevado n\u00famero de pedidos de asilo, at\u00e9 que estes aceitassem de volta os seus cidad\u00e3os que se encontravam ilegalmente no Reino Unido.<\/p>\n<p>Uma fonte do Minist\u00e9rio do Interior, n\u00e3o identificada pela BBC, afirmou que os acordos poder\u00e3o levar \u00e0 expuls\u00e3o e deporta\u00e7\u00e3o de milhares de pessoas.<\/p>\n<p>A governante afirmou ainda que Londres n\u00e3o hesitar\u00e1 em proibir a emiss\u00e3o de vistos para outros pa\u00edses que se recusem a receber de volta os seus cidad\u00e3os.<\/p>\n","protected":false},"excerpt":{"rendered":"NJ\/Lusa 29 de Dezembro\u00a02025 \u00e0s 10:22 As autoridades brit\u00e2nicas v\u00e3o deixar de autorizar processos de vistos &#8220;expressos&#8221; aos&hellip;\n","protected":false},"author":2,"featured_media":208121,"comment_status":"","ping_status":"","sticky":false,"template":"","format":"standard","meta":{"footnotes":""},"categories":[50],"tags":[2992,2713,836,1063,1753,3003,2995,27,28,470,1195,315,135,3005,476,2993,2258,1169,15,16,2085,524,3002,3000,643,14,2998,2086,1856,82,2513,1428,25,26,2996,2994,2997,21,22,606,3001,62,150,619,12,718,2990,13,19,20,2991,2989,835,602,52,32,23,24,2999,548,679,58,2387,218,605,17,18,151,29,30,31,578,63,64,65,3004],"class_list":{"0":"post-208120","1":"post","2":"type-post","3":"status-publish","4":"format-standard","5":"has-post-thumbnail","7":"category-mundo","8":"tag-actualidade","9":"tag-africa","10":"tag-analise","11":"tag-angola","12":"tag-artes","13":"tag-assinatura","14":"tag-benguela","15":"tag-breaking-news","16":"tag-breakingnews","17":"tag-cinema","18":"tag-concerto","19":"tag-cultura","20":"tag-desporto","21":"tag-download","22":"tag-economia","23":"tag-editorial","24":"tag-eleicoes","25":"tag-facebook","26":"tag-featured-news","27":"tag-featurednews","28":"tag-fotografia","29":"tag-futebol","30":"tag-galeria","31":"tag-girabola","32":"tag-google","33":"tag-headlines","34":"tag-huambo","35":"tag-imagem","36":"tag-informacao","37":"tag-internacional","38":"tag-jornal","39":"tag-jornalismo","40":"tag-latest-news","41":"tag-latestnews","42":"tag-lobito","43":"tag-luanda","44":"tag-lubango","45":"tag-main-news","46":"tag-mainnews","47":"tag-meteorologia","48":"tag-multimedia","49":"tag-mundo","50":"tag-musica","51":"tag-nacional","52":"tag-news","53":"tag-newsletter","54":"tag-nj","55":"tag-noticias","56":"tag-noticias-principais","57":"tag-noticiasprincipais","58":"tag-nova-vaga","59":"tag-novo-jornal","60":"tag-opiniao","61":"tag-pais","62":"tag-politica","63":"tag-portugal","64":"tag-principais-noticias","65":"tag-principaisnoticias","66":"tag-provincias","67":"tag-redes-sociais","68":"tag-reportagem","69":"tag-sociedade","70":"tag-teatro","71":"tag-televisao","72":"tag-tempo","73":"tag-top-stories","74":"tag-topstories","75":"tag-tv","76":"tag-ultimas","77":"tag-ultimas-noticias","78":"tag-ultimasnoticias","79":"tag-video","80":"tag-world","81":"tag-world-news","82":"tag-worldnews","83":"tag-youtube"},"share_on_mastodon":{"url":"","error":"Validation failed: Text character limit of 500 exceeded"},"_links":{"self":[{"href":"https:\/\/www.europesays.com\/pt\/wp-json\/wp\/v2\/posts\/208120","targetHints":{"allow":["GET"]}}],"collection":[{"href":"https:\/\/www.europesays.com\/pt\/wp-json\/wp\/v2\/posts"}],"about":[{"href":"https:\/\/www.europesays.com\/pt\/wp-json\/wp\/v2\/types\/post"}],"author":[{"embeddable":true,"href":"https:\/\/www.europesays.com\/pt\/wp-json\/wp\/v2\/users\/2"}],"replies":[{"embeddable":true,"href":"https:\/\/www.europesays.com\/pt\/wp-json\/wp\/v2\/comments?post=208120"}],"version-history":[{"count":0,"href":"https:\/\/www.europesays.com\/pt\/wp-json\/wp\/v2\/posts\/208120\/revisions"}],"wp:featuredmedia":[{"embeddable":true,"href":"https:\/\/www.europesays.com\/pt\/wp-json\/wp\/v2\/media\/208121"}],"wp:attachment":[{"href":"https:\/\/www.europesays.com\/pt\/wp-json\/wp\/v2\/media?parent=208120"}],"wp:term":[{"taxonomy":"category","embeddable":true,"href":"https:\/\/www.europesays.com\/pt\/wp-json\/wp\/v2\/categories?post=208120"},{"taxonomy":"post_tag","embeddable":true,"href":"https:\/\/www.europesays.com\/pt\/wp-json\/wp\/v2\/tags?post=208120"}],"curies":[{"name":"wp","href":"https:\/\/api.w.org\/{rel}","templated":true}]}}